{"id":4610,"date":"2018-08-03T17:47:18","date_gmt":"2018-08-03T17:47:18","guid":{"rendered":"https:\/\/saloanoticias.com\/v1\/?p=4610"},"modified":"2018-08-03T17:50:44","modified_gmt":"2018-08-03T17:50:44","slug":"paulo-camara-recebe-o-apoio-do-patriotas","status":"publish","type":"post","link":"https:\/\/www.saloanoticias.com\/v1\/paulo-camara-recebe-o-apoio-do-patriotas\/","title":{"rendered":"GOVERNADOR PAULO C\u00c2MARA RECEBE O APOIO DO PATRIOTAS"},"content":{"rendered":"<p><img loading=\"lazy\" decoding=\"async\" class=\" wp-image-4615 alignleft\" src=\"https:\/\/saloanoticias.com\/v1\/wp-content\/uploads\/2018\/08\/pr-eurico-3-1.jpg\" alt=\"\" width=\"668\" height=\"365\" srcset=\"https:\/\/www.saloanoticias.com\/v1\/wp-content\/uploads\/2018\/08\/pr-eurico-3-1.jpg 800w, https:\/\/www.saloanoticias.com\/v1\/wp-content\/uploads\/2018\/08\/pr-eurico-3-1-300x164.jpg 300w, https:\/\/www.saloanoticias.com\/v1\/wp-content\/uploads\/2018\/08\/pr-eurico-3-1-768x420.jpg 768w\" sizes=\"auto, (max-width: 668px) 100vw, 668px\" \/>Mais um partido declarou apoio \u00e0 reelei\u00e7\u00e3o do governador Paulo C\u00e2mara (PSB). Na tarde de hoje, o deputado federal Pastor Eurico, representante do Patriota em Pernambuco, visitou a sede estadual do Partido Socialista Brasileiro (PSB), no Recife, onde se reuniu com o l\u00edder socialista para declarar que estar\u00e1 no projeto de continuidade da Frente Popular de Pernambuco. O Patriota realiza sua conven\u00e7\u00e3o hoje \u00e0 noite, no Clube Atl\u00e2ntico de Olinda, a partir das 18h.<\/p>\n<p>Durante o encontro, o deputado Pastor Eurico lembrou que o Patriota, antes denominado de PEN, tamb\u00e9m deu apoio \u00e0 elei\u00e7\u00e3o de Paulo C\u00e2mara em 2014. \u201cDepois de algumas an\u00e1lises da executiva nacional, houve uma unanimidade e decidimos estar ao lado do governador Paulo C\u00e2mara novamente. Estamos num momento dif\u00edcil. A situa\u00e7\u00e3o do Brasil \u00e9 dif\u00edcil, a situa\u00e7\u00e3o pol\u00edtica \u00e9 dif\u00edcil, mas vale a pena lutar por uma situa\u00e7\u00e3o melhor. Se n\u00f3s analisarmos os Estados que nos cercam, todos dependem do Governo Federal. H\u00e1 muito contingenciamento, h\u00e1 verbas sendo cortadas e a situa\u00e7\u00e3o pol\u00edtica tamb\u00e9m. E em Pernambuco tivemos muitos avan\u00e7os\u201d, avaliou Pastor Eurico.<\/p>\n<p>Paulo C\u00e2mara disse que o Patriota ir\u00e1 agregar unidade ao conjunto da Frente Popular. \u201cTive o prazer de receber a confirma\u00e7\u00e3o do apoio do Patriota atrav\u00e9s do Pastor Eurico, que j\u00e1 integrou os quadros do PSB. Isso \u00e9 um reconhecimento por tudo que foi feito no Estado nesses \u00faltimos tr\u00eas anos e meio. J\u00e1 fizemos muito pelo nosso Estado, mas sabemos que ainda tem muita coisa para ser feita e \u00e9 muito bom saber que teremos o apoio do Patriota nessa jornada\u201d, declarou o governador.<\/p>\n<p>O presidente estadual do PSB, Sileno Guedes, participou do encontro e refor\u00e7ou o convite para os representantes do Patriota participarem da conven\u00e7\u00e3o estadual da Frente Popular, que ser\u00e1 realizada domingo. Os vereadores Dani Muniz e Benjamin da Sa\u00fade tamb\u00e9m estiveram no encontro, al\u00e9m do deputado estadual Nilton Mota. <em>Fonte: Blog do Magno<\/em><\/p>\n<p>&nbsp;<\/p>\n<div style=\"margin-top: 0px; margin-bottom: 0px;\" class=\"sharethis-inline-share-buttons\" ><\/div>","protected":false},"excerpt":{"rendered":"<p>Mais um partido declarou apoio \u00e0 reelei\u00e7\u00e3o do governador Paulo C\u00e2mara (PSB). Na tarde de hoje, o deputado federal Pastor Eurico, representante do Patriota em Pernambuco, visitou a sede estadual do Partido Socialista Brasileiro (PSB), no Recife, onde se reuniu com o l\u00edder socialista para declarar que estar\u00e1 no projeto de continuidade da Frente Popular [&hellip;]<\/p>\n","protected":false},"author":2,"featured_media":4615,"comment_status":"open","ping_status":"open","sticky":false,"template":"","format":"standard","meta":{"footnotes":""},"categories":[2],"tags":[],"class_list":["post-4610","post","type-post","status-publish","format-standard","has-post-thumbnail","hentry","category-noticias-do-dia"],"_links":{"self":[{"href":"https:\/\/www.saloanoticias.com\/v1\/wp-json\/wp\/v2\/posts\/4610","targetHints":{"allow":["GET"]}}],"collection":[{"href":"https:\/\/www.saloanoticias.com\/v1\/wp-json\/wp\/v2\/posts"}],"about":[{"href":"https:\/\/www.saloanoticias.com\/v1\/wp-json\/wp\/v2\/types\/post"}],"author":[{"embeddable":true,"href":"https:\/\/www.saloanoticias.com\/v1\/wp-json\/wp\/v2\/users\/2"}],"replies":[{"embeddable":true,"href":"https:\/\/www.saloanoticias.com\/v1\/wp-json\/wp\/v2\/comments?post=4610"}],"version-history":[{"count":4,"href":"https:\/\/www.saloanoticias.com\/v1\/wp-json\/wp\/v2\/posts\/4610\/revisions"}],"predecessor-version":[{"id":4616,"href":"https:\/\/www.saloanoticias.com\/v1\/wp-json\/wp\/v2\/posts\/4610\/revisions\/4616"}],"wp:featuredmedia":[{"embeddable":true,"href":"https:\/\/www.saloanoticias.com\/v1\/wp-json\/wp\/v2\/media\/4615"}],"wp:attachment":[{"href":"https:\/\/www.saloanoticias.com\/v1\/wp-json\/wp\/v2\/media?parent=4610"}],"wp:term":[{"taxonomy":"category","embeddable":true,"href":"https:\/\/www.saloanoticias.com\/v1\/wp-json\/wp\/v2\/categories?post=4610"},{"taxonomy":"post_tag","embeddable":true,"href":"https:\/\/www.saloanoticias.com\/v1\/wp-json\/wp\/v2\/tags?post=4610"}],"curies":[{"name":"wp","href":"https:\/\/api.w.org\/{rel}","templated":true}]}}