{"id":4594,"date":"2018-08-02T16:31:02","date_gmt":"2018-08-02T16:31:02","guid":{"rendered":"https:\/\/saloanoticias.com\/v1\/?p=4594"},"modified":"2018-08-02T16:37:52","modified_gmt":"2018-08-02T16:37:52","slug":"armando-monteiro-tropecou-de-novo-diz-walter-borges","status":"publish","type":"post","link":"https:\/\/www.saloanoticias.com\/v1\/armando-monteiro-tropecou-de-novo-diz-walter-borges\/","title":{"rendered":"ARMANDO MONTEIRO TROPE\u00c7OU DE NOVO, DIZ WALTER BORGES"},"content":{"rendered":"<p><img loading=\"lazy\" decoding=\"async\" class=\" wp-image-4595 alignleft\" src=\"https:\/\/saloanoticias.com\/v1\/wp-content\/uploads\/2018\/08\/armando-monteiro.jpg\" alt=\"\" width=\"503\" height=\"335\" srcset=\"https:\/\/www.saloanoticias.com\/v1\/wp-content\/uploads\/2018\/08\/armando-monteiro.jpg 960w, https:\/\/www.saloanoticias.com\/v1\/wp-content\/uploads\/2018\/08\/armando-monteiro-300x200.jpg 300w, https:\/\/www.saloanoticias.com\/v1\/wp-content\/uploads\/2018\/08\/armando-monteiro-768x512.jpg 768w\" sizes=\"auto, (max-width: 503px) 100vw, 503px\" \/>O PTB do senador Armando Monteiro e do deputado Jos\u00e9 Humberto Cavalcanti deveriam se acanhar para falar do PSB. Primeiro porque deveriam cuidar do pr\u00f3prio palanque, carregado at\u00e9 a boca pela \u201cTurma do Temer\u201d em Pernambuco. Segundo porque o PTB em n\u00edvel nacional apoia o PSDB, mas ele esconde essa informa\u00e7\u00e3o na tentativa de enganar o povo de Pernambuco, querendo aplicar aqui os projetos de Temer.<\/p>\n<p>Armando deve o seu mandato \u00e0 Frente Popular, pois foi eleito pela for\u00e7a pol\u00edtica do governador Eduardo Campos, mas desde 2014 preferiu se afastar do nosso campo progressista. Armando preferiu se aliar ao presidente Temer, montando a chapa eleitoral mais conservadora e anti-povo da hist\u00f3ria pol\u00edtica de Pernambuco.<\/p>\n<p>O que mais irrita Armando \u00e9 o protagonismo local e nacional do governador Paulo C\u00e2mara. Do alto de sua arrog\u00e2ncia patronal, Armando n\u00e3o consegue engolir que um servidor p\u00fablico seja um bem sucedido l\u00edder, tanto na gest\u00e3o p\u00fablica quanto nas articula\u00e7\u00f5es pol\u00edticas.<\/p>\n<p>Paulo tem sido um defensor ferrenho da unidade das for\u00e7as populares nacionais, dialogando com PT, PDT, PCdoB e outros partidos que se disponham a colocar um fim nesse Governo que a\u00ed est\u00e1, um governo fracassado que aqui \u00e9 apoiado por Armando e sua Turma do Temer. \u00c9 sob esse princ\u00edpio que a Frente Popular de Pernambuco derrotar\u00e1, mais uma vez, a arrog\u00e2ncia e a prepot\u00eancia.<\/p>\n<p>Ao contr\u00e1rio de Armando e da sua turma, o PSB foi contra a reforma trabalhista que tirou direitos dos trabalhadores aumentando ainda mais a precariedade do emprego no nosso Pa\u00eds. Armando e sua turma tamb\u00e9m querem vender o Rio S\u00e3o Francisco, a Chesf e aumentam de forma descontrolada o pre\u00e7o dos combust\u00edveis, do g\u00e1s de cozinha e tamb\u00e9m dos planos de Sa\u00fade. \u00c9 para combater tudo isso que o PSB defende a unidade dos partidos de centro-esquerda. Viva o Brasil! Viva Pernambuco ! <em>Walter Borges, ex-vereador de Casinhas<\/em><\/p>\n<p>&nbsp;<\/p>\n<div style=\"margin-top: 0px; margin-bottom: 0px;\" class=\"sharethis-inline-share-buttons\" ><\/div>","protected":false},"excerpt":{"rendered":"<p>O PTB do senador Armando Monteiro e do deputado Jos\u00e9 Humberto Cavalcanti deveriam se acanhar para falar do PSB. Primeiro porque deveriam cuidar do pr\u00f3prio palanque, carregado at\u00e9 a boca pela \u201cTurma do Temer\u201d em Pernambuco. Segundo porque o PTB em n\u00edvel nacional apoia o PSDB, mas ele esconde essa informa\u00e7\u00e3o na tentativa de enganar [&hellip;]<\/p>\n","protected":false},"author":2,"featured_media":4596,"comment_status":"open","ping_status":"open","sticky":false,"template":"","format":"standard","meta":{"footnotes":""},"categories":[2],"tags":[],"class_list":["post-4594","post","type-post","status-publish","format-standard","has-post-thumbnail","hentry","category-noticias-do-dia"],"_links":{"self":[{"href":"https:\/\/www.saloanoticias.com\/v1\/wp-json\/wp\/v2\/posts\/4594","targetHints":{"allow":["GET"]}}],"collection":[{"href":"https:\/\/www.saloanoticias.com\/v1\/wp-json\/wp\/v2\/posts"}],"about":[{"href":"https:\/\/www.saloanoticias.com\/v1\/wp-json\/wp\/v2\/types\/post"}],"author":[{"embeddable":true,"href":"https:\/\/www.saloanoticias.com\/v1\/wp-json\/wp\/v2\/users\/2"}],"replies":[{"embeddable":true,"href":"https:\/\/www.saloanoticias.com\/v1\/wp-json\/wp\/v2\/comments?post=4594"}],"version-history":[{"count":4,"href":"https:\/\/www.saloanoticias.com\/v1\/wp-json\/wp\/v2\/posts\/4594\/revisions"}],"predecessor-version":[{"id":4600,"href":"https:\/\/www.saloanoticias.com\/v1\/wp-json\/wp\/v2\/posts\/4594\/revisions\/4600"}],"wp:featuredmedia":[{"embeddable":true,"href":"https:\/\/www.saloanoticias.com\/v1\/wp-json\/wp\/v2\/media\/4596"}],"wp:attachment":[{"href":"https:\/\/www.saloanoticias.com\/v1\/wp-json\/wp\/v2\/media?parent=4594"}],"wp:term":[{"taxonomy":"category","embeddable":true,"href":"https:\/\/www.saloanoticias.com\/v1\/wp-json\/wp\/v2\/categories?post=4594"},{"taxonomy":"post_tag","embeddable":true,"href":"https:\/\/www.saloanoticias.com\/v1\/wp-json\/wp\/v2\/tags?post=4594"}],"curies":[{"name":"wp","href":"https:\/\/api.w.org\/{rel}","templated":true}]}}