{"id":4580,"date":"2018-08-02T00:46:01","date_gmt":"2018-08-02T00:46:01","guid":{"rendered":"https:\/\/saloanoticias.com\/v1\/?p=4580"},"modified":"2018-08-03T23:29:37","modified_gmt":"2018-08-03T23:29:37","slug":"dinho-de-getulio-e-wellington-bulandeira-declaram-apoio-ao-grupo-de-ricardo-alves","status":"publish","type":"post","link":"https:\/\/www.saloanoticias.com\/v1\/dinho-de-getulio-e-wellington-bulandeira-declaram-apoio-ao-grupo-de-ricardo-alves\/","title":{"rendered":"DINHO DE GET\u00daLIO E WELLINGTON BULANDEIRA APOIAM O GRUPO DE RICARDO"},"content":{"rendered":"<p><img loading=\"lazy\" decoding=\"async\" width=\"1280\" height=\"720\" class=\"aligncenter size-full wp-image-4581\" src=\"https:\/\/saloanoticias.com\/v1\/wp-content\/uploads\/2018\/08\/dinho-getulio-saloa.jpeg\" alt=\"\" srcset=\"https:\/\/www.saloanoticias.com\/v1\/wp-content\/uploads\/2018\/08\/dinho-getulio-saloa.jpeg 1280w, https:\/\/www.saloanoticias.com\/v1\/wp-content\/uploads\/2018\/08\/dinho-getulio-saloa-300x169.jpeg 300w, https:\/\/www.saloanoticias.com\/v1\/wp-content\/uploads\/2018\/08\/dinho-getulio-saloa-1024x576.jpeg 1024w, https:\/\/www.saloanoticias.com\/v1\/wp-content\/uploads\/2018\/08\/dinho-getulio-saloa-768x432.jpeg 768w\" sizes=\"auto, (max-width: 1280px) 100vw, 1280px\" \/>O prefeito Ricardo Alves (MDB) recebeu em sua resid\u00eancia no final da tarde desta quarta-feira, dia 1 de julho de 2018, os empres\u00e1rios Dinho de Get\u00falio e Wellington Bulandeira. Segundo alguns populares que estavam no local e presenciaram o encontro, falou-se sobre v\u00e1rios assuntos, inclusive de pol\u00edtica. Ainda segundo nossas fontes, Dinho e Wellington declararam apoio ao grupo pol\u00edtico do prefeito Ricardo Alves.<\/p>\n<p>Com mais essas ades\u00f5es de fam\u00edlias importantes, Ricardo continua fortalecendo seu palanque com o apoio de comerciantes e empres\u00e1rios que trabalham no dia a dia e que geram renda para o Munic\u00edpio. Ao que se sabe, o gestor agradeceu a presen\u00e7a dos dois e se disse bastante satisfeito em receber o apoio dos mesmos. Tamb\u00e9m estavam na casa de Ricardo Alves os comerciantes Pelezinho, Danilo Pereira e Z\u00e9 Euclides.<\/p>\n<p>&nbsp;<\/p>\n<div style=\"margin-top: 0px; margin-bottom: 0px;\" class=\"sharethis-inline-share-buttons\" ><\/div>","protected":false},"excerpt":{"rendered":"<p>O prefeito Ricardo Alves (MDB) recebeu em sua resid\u00eancia no final da tarde desta quarta-feira, dia 1 de julho de 2018, os empres\u00e1rios Dinho de Get\u00falio e Wellington Bulandeira. Segundo alguns populares que estavam no local e presenciaram o encontro, falou-se sobre v\u00e1rios assuntos, inclusive de pol\u00edtica. Ainda segundo nossas fontes, Dinho e Wellington declararam [&hellip;]<\/p>\n","protected":false},"author":2,"featured_media":4581,"comment_status":"open","ping_status":"open","sticky":false,"template":"","format":"standard","meta":{"footnotes":""},"categories":[2],"tags":[],"class_list":["post-4580","post","type-post","status-publish","format-standard","has-post-thumbnail","hentry","category-noticias-do-dia"],"_links":{"self":[{"href":"https:\/\/www.saloanoticias.com\/v1\/wp-json\/wp\/v2\/posts\/4580","targetHints":{"allow":["GET"]}}],"collection":[{"href":"https:\/\/www.saloanoticias.com\/v1\/wp-json\/wp\/v2\/posts"}],"about":[{"href":"https:\/\/www.saloanoticias.com\/v1\/wp-json\/wp\/v2\/types\/post"}],"author":[{"embeddable":true,"href":"https:\/\/www.saloanoticias.com\/v1\/wp-json\/wp\/v2\/users\/2"}],"replies":[{"embeddable":true,"href":"https:\/\/www.saloanoticias.com\/v1\/wp-json\/wp\/v2\/comments?post=4580"}],"version-history":[{"count":8,"href":"https:\/\/www.saloanoticias.com\/v1\/wp-json\/wp\/v2\/posts\/4580\/revisions"}],"predecessor-version":[{"id":4624,"href":"https:\/\/www.saloanoticias.com\/v1\/wp-json\/wp\/v2\/posts\/4580\/revisions\/4624"}],"wp:featuredmedia":[{"embeddable":true,"href":"https:\/\/www.saloanoticias.com\/v1\/wp-json\/wp\/v2\/media\/4581"}],"wp:attachment":[{"href":"https:\/\/www.saloanoticias.com\/v1\/wp-json\/wp\/v2\/media?parent=4580"}],"wp:term":[{"taxonomy":"category","embeddable":true,"href":"https:\/\/www.saloanoticias.com\/v1\/wp-json\/wp\/v2\/categories?post=4580"},{"taxonomy":"post_tag","embeddable":true,"href":"https:\/\/www.saloanoticias.com\/v1\/wp-json\/wp\/v2\/tags?post=4580"}],"curies":[{"name":"wp","href":"https:\/\/api.w.org\/{rel}","templated":true}]}}