{"id":4570,"date":"2018-08-01T22:51:01","date_gmt":"2018-08-01T22:51:01","guid":{"rendered":"https:\/\/saloanoticias.com\/v1\/?p=4570"},"modified":"2018-08-02T01:00:50","modified_gmt":"2018-08-02T01:00:50","slug":"agora-e-oficial-marilia-arraes-esta-fora-da-disputa","status":"publish","type":"post","link":"https:\/\/www.saloanoticias.com\/v1\/agora-e-oficial-marilia-arraes-esta-fora-da-disputa\/","title":{"rendered":"AGORA \u00c9 OFICIAL ! MAR\u00cdLIA ARRAES EST\u00c1 FORA DA DISPUTA"},"content":{"rendered":"<p><img loading=\"lazy\" decoding=\"async\" width=\"930\" height=\"522\" class=\"aligncenter size-full wp-image-4571\" src=\"https:\/\/saloanoticias.com\/v1\/wp-content\/uploads\/2018\/08\/marilia-arraes-2.jpg\" alt=\"\" srcset=\"https:\/\/www.saloanoticias.com\/v1\/wp-content\/uploads\/2018\/08\/marilia-arraes-2.jpg 930w, https:\/\/www.saloanoticias.com\/v1\/wp-content\/uploads\/2018\/08\/marilia-arraes-2-300x168.jpg 300w, https:\/\/www.saloanoticias.com\/v1\/wp-content\/uploads\/2018\/08\/marilia-arraes-2-768x431.jpg 768w\" sizes=\"auto, (max-width: 930px) 100vw, 930px\" \/>A vereadora recifense\u00a0Mar\u00edlia Arraes\u00a0(PT) foi informada por telefone pela presidente nacional do PT,\u00a0Gleisi Hoffmann,\u00a0ap\u00f3s reuni\u00e3o do Grupo de Trabalho Eleitoral (GTE), nesta ter\u00e7a-feira (31), em Bras\u00edlia, de que n\u00e3o ser\u00e1 mais candidata ao Governo de Pernambuco. O PT decidiu aceitar a proposta de apoio do PSB em 11 estados.\u00a0Nesta quarta-feira (1), haver\u00e1 a reuni\u00e3o da Executiva Nacional petista para referendar o acordo no Estado. Na quinta-feira (2), ser\u00e1 a vez da executiva estadual realizar sua reuni\u00e3o.<\/p>\n<p>J\u00e1 o Diret\u00f3rio nacional do PT marcou seu encontro para sexta-feira. Finalmente, no pr\u00f3ximo s\u00e1bado (3), em S\u00e3o Paulo, o partido dever\u00e1 lan\u00e7ar a candidatura do ex-presidente Lula \u2013 preso desde 7 de abril \u2013 durante a\u00a0conven\u00e7\u00e3o.\u00a0O senador Humberto Costa (PT) deve ocupar uma das vagas ao Senado na chapa que tenta reeleger o governador Paulo C\u00e2mara . A outra \u00e9 do deputado federal Jarbas Vasconcelos (MDB). A neutralidade nacional do PSB\u00a0possibilitaria arranjos locais em Pernambuco, e na desist\u00eancia da candidatura de M\u00e1rcio Lacerda (PSB) ao governo de Minas Gerais.<\/p>\n<p>A vereadora enfrentou resist\u00eancia dentro do pr\u00f3prio partido desde o ano passado, quando evidenciou o desejo de ser a candidata ao governo. O grupo capitaneado pelo senador Humberto Costa (PT), argumentando a import\u00e2ncia do PSB no contexto nacional diante da situa\u00e7\u00e3o do ex-presidente Lula, preso em Curitiba, defendeu a alian\u00e7a com Paulo C\u00e2mara.\u00a0Os aliados de Mar\u00edlia v\u00e3o insistir para que o encontro estadual seja realizado nesta quinta. &#8220;Reitero a import\u00e2ncia do respeito ao encontro como inst\u00e2ncia partid\u00e1ria&#8221;, disse a deputada estadual Tereza Leit\u00e3o (PT). A decis\u00e3o do PT j\u00e1 teria sido comunicada ao governador Paulo C\u00e2mara. Por meio da secretaria de imprensa, ele afirmou que n\u00e3o iria se pronunciar sobre o assunto. <em>FONTE: Folha de Pernambuco<\/em><\/p>\n<div style=\"margin-top: 0px; margin-bottom: 0px;\" class=\"sharethis-inline-share-buttons\" ><\/div>","protected":false},"excerpt":{"rendered":"<p>A vereadora recifense\u00a0Mar\u00edlia Arraes\u00a0(PT) foi informada por telefone pela presidente nacional do PT,\u00a0Gleisi Hoffmann,\u00a0ap\u00f3s reuni\u00e3o do Grupo de Trabalho Eleitoral (GTE), nesta ter\u00e7a-feira (31), em Bras\u00edlia, de que n\u00e3o ser\u00e1 mais candidata ao Governo de Pernambuco. O PT decidiu aceitar a proposta de apoio do PSB em 11 estados.\u00a0Nesta quarta-feira (1), haver\u00e1 a reuni\u00e3o da [&hellip;]<\/p>\n","protected":false},"author":2,"featured_media":4571,"comment_status":"open","ping_status":"open","sticky":false,"template":"","format":"standard","meta":{"footnotes":""},"categories":[2],"tags":[],"class_list":["post-4570","post","type-post","status-publish","format-standard","has-post-thumbnail","hentry","category-noticias-do-dia"],"_links":{"self":[{"href":"https:\/\/www.saloanoticias.com\/v1\/wp-json\/wp\/v2\/posts\/4570","targetHints":{"allow":["GET"]}}],"collection":[{"href":"https:\/\/www.saloanoticias.com\/v1\/wp-json\/wp\/v2\/posts"}],"about":[{"href":"https:\/\/www.saloanoticias.com\/v1\/wp-json\/wp\/v2\/types\/post"}],"author":[{"embeddable":true,"href":"https:\/\/www.saloanoticias.com\/v1\/wp-json\/wp\/v2\/users\/2"}],"replies":[{"embeddable":true,"href":"https:\/\/www.saloanoticias.com\/v1\/wp-json\/wp\/v2\/comments?post=4570"}],"version-history":[{"count":8,"href":"https:\/\/www.saloanoticias.com\/v1\/wp-json\/wp\/v2\/posts\/4570\/revisions"}],"predecessor-version":[{"id":4588,"href":"https:\/\/www.saloanoticias.com\/v1\/wp-json\/wp\/v2\/posts\/4570\/revisions\/4588"}],"wp:featuredmedia":[{"embeddable":true,"href":"https:\/\/www.saloanoticias.com\/v1\/wp-json\/wp\/v2\/media\/4571"}],"wp:attachment":[{"href":"https:\/\/www.saloanoticias.com\/v1\/wp-json\/wp\/v2\/media?parent=4570"}],"wp:term":[{"taxonomy":"category","embeddable":true,"href":"https:\/\/www.saloanoticias.com\/v1\/wp-json\/wp\/v2\/categories?post=4570"},{"taxonomy":"post_tag","embeddable":true,"href":"https:\/\/www.saloanoticias.com\/v1\/wp-json\/wp\/v2\/tags?post=4570"}],"curies":[{"name":"wp","href":"https:\/\/api.w.org\/{rel}","templated":true}]}}