{"id":4566,"date":"2018-08-01T19:38:22","date_gmt":"2018-08-01T19:38:22","guid":{"rendered":"https:\/\/saloanoticias.com\/v1\/?p=4566"},"modified":"2018-08-01T19:38:22","modified_gmt":"2018-08-01T19:38:22","slug":"pt-nacional-decide-retirada-da-candidatura-de-marilia-arraes-nesta-quarta","status":"publish","type":"post","link":"https:\/\/www.saloanoticias.com\/v1\/pt-nacional-decide-retirada-da-candidatura-de-marilia-arraes-nesta-quarta\/","title":{"rendered":"PT NACIONAL DECIDE RETIRADA DA CANDIDATURA DE MAR\u00cdLIA ARRAES NESTA QUARTA"},"content":{"rendered":"<p><img loading=\"lazy\" decoding=\"async\" width=\"930\" height=\"522\" class=\"aligncenter size-full wp-image-4567\" src=\"https:\/\/saloanoticias.com\/v1\/wp-content\/uploads\/2018\/08\/marilia-arraes.jpg\" alt=\"\" srcset=\"https:\/\/www.saloanoticias.com\/v1\/wp-content\/uploads\/2018\/08\/marilia-arraes.jpg 930w, https:\/\/www.saloanoticias.com\/v1\/wp-content\/uploads\/2018\/08\/marilia-arraes-300x168.jpg 300w, https:\/\/www.saloanoticias.com\/v1\/wp-content\/uploads\/2018\/08\/marilia-arraes-768x431.jpg 768w\" sizes=\"auto, (max-width: 930px) 100vw, 930px\" \/>O PT nacional se re\u00fane, na tarde desta quarta-feira (1), e j\u00e1 h\u00e1 previs\u00f5es de que a pr\u00e9-candidatura de Mar\u00edlia Arraes (PT) ser\u00e1 retirada do p\u00e1reo, em nome de uma alian\u00e7a local entre o PSB e PT e neutralidade da sigla socialista em rela\u00e7\u00e3o \u00e0 campanha presidencial. A informa\u00e7\u00e3o come\u00e7ou a circular no meio da manh\u00e3. Toda a executiva nacional petista vai tomar a decis\u00e3o, n\u00e3o se sabe ainda se pelo voto ou por consenso.<\/p>\n<p>Os aliados de Mar\u00edlia negam a vers\u00e3o, mas, coincidentemente, a petista desmarcou uma entrevista que concederia ao Diario de Pernambuco no in\u00edcio desta tarde como postulante ao Pal\u00e1cio das Princesas. Ela teria sido informada por telefone. O PT nacional vai se pronunciar oficialmente sobre a situa\u00e7\u00e3o durante a tarde.<\/p>\n<p>Pelas negocia\u00e7\u00f5es, o PT quer que o PSB fique neutro nas elei\u00e7\u00f5es presidenciais, ao inv\u00e9s de apoiar a candidatura de Ciro Gomes (PDT). Humberto Costa n\u00e3o foi localizado. Ele \u00e9 o principal beneficiado com a decis\u00e3o nacional do partido. O senador deve ser candidato \u00e0 reelei\u00e7\u00e3o numa chapa ao lado do governador Paulo C\u00e2mara (PSB) e do deputado federal Jarbas Vasconcelos (MDB). Jarbas apoia o presidenci\u00e1vel Geraldo Alckmin (PSDB). Fonte: <em>Di\u00e1rio de Pernambuco<\/em><\/p>\n<div style=\"margin-top: 0px; margin-bottom: 0px;\" class=\"sharethis-inline-share-buttons\" ><\/div>","protected":false},"excerpt":{"rendered":"<p>O PT nacional se re\u00fane, na tarde desta quarta-feira (1), e j\u00e1 h\u00e1 previs\u00f5es de que a pr\u00e9-candidatura de Mar\u00edlia Arraes (PT) ser\u00e1 retirada do p\u00e1reo, em nome de uma alian\u00e7a local entre o PSB e PT e neutralidade da sigla socialista em rela\u00e7\u00e3o \u00e0 campanha presidencial. A informa\u00e7\u00e3o come\u00e7ou a circular no meio da [&hellip;]<\/p>\n","protected":false},"author":2,"featured_media":4567,"comment_status":"open","ping_status":"open","sticky":false,"template":"","format":"standard","meta":{"footnotes":""},"categories":[2],"tags":[],"class_list":["post-4566","post","type-post","status-publish","format-standard","has-post-thumbnail","hentry","category-noticias-do-dia"],"_links":{"self":[{"href":"https:\/\/www.saloanoticias.com\/v1\/wp-json\/wp\/v2\/posts\/4566","targetHints":{"allow":["GET"]}}],"collection":[{"href":"https:\/\/www.saloanoticias.com\/v1\/wp-json\/wp\/v2\/posts"}],"about":[{"href":"https:\/\/www.saloanoticias.com\/v1\/wp-json\/wp\/v2\/types\/post"}],"author":[{"embeddable":true,"href":"https:\/\/www.saloanoticias.com\/v1\/wp-json\/wp\/v2\/users\/2"}],"replies":[{"embeddable":true,"href":"https:\/\/www.saloanoticias.com\/v1\/wp-json\/wp\/v2\/comments?post=4566"}],"version-history":[{"count":1,"href":"https:\/\/www.saloanoticias.com\/v1\/wp-json\/wp\/v2\/posts\/4566\/revisions"}],"predecessor-version":[{"id":4568,"href":"https:\/\/www.saloanoticias.com\/v1\/wp-json\/wp\/v2\/posts\/4566\/revisions\/4568"}],"wp:featuredmedia":[{"embeddable":true,"href":"https:\/\/www.saloanoticias.com\/v1\/wp-json\/wp\/v2\/media\/4567"}],"wp:attachment":[{"href":"https:\/\/www.saloanoticias.com\/v1\/wp-json\/wp\/v2\/media?parent=4566"}],"wp:term":[{"taxonomy":"category","embeddable":true,"href":"https:\/\/www.saloanoticias.com\/v1\/wp-json\/wp\/v2\/categories?post=4566"},{"taxonomy":"post_tag","embeddable":true,"href":"https:\/\/www.saloanoticias.com\/v1\/wp-json\/wp\/v2\/tags?post=4566"}],"curies":[{"name":"wp","href":"https:\/\/api.w.org\/{rel}","templated":true}]}}