{"id":4534,"date":"2018-07-31T16:25:20","date_gmt":"2018-07-31T16:25:20","guid":{"rendered":"https:\/\/saloanoticias.com\/v1\/?p=4534"},"modified":"2018-07-31T16:32:48","modified_gmt":"2018-07-31T16:32:48","slug":"corpo-de-ze-de-hermenegidio-esta-sendo-velado-no-cemiterio-santa-quiteria","status":"publish","type":"post","link":"https:\/\/www.saloanoticias.com\/v1\/corpo-de-ze-de-hermenegidio-esta-sendo-velado-no-cemiterio-santa-quiteria\/","title":{"rendered":"CORPO DE Z\u00c9 DE HERMENEG\u00cdDIO EST\u00c1 SENDO VELADO NO CEMIT\u00c9RIO DE SALO\u00c1"},"content":{"rendered":"<p style=\"text-align: justify; background: white; margin: 4.1pt 0cm 4.1pt 0cm;\"><span style=\"font-family: 'Arial','sans-serif'; color: black;\"><img loading=\"lazy\" decoding=\"async\" width=\"1398\" height=\"788\" class=\"aligncenter size-full wp-image-4535\" src=\"https:\/\/saloanoticias.com\/v1\/wp-content\/uploads\/2018\/07\/cemiterio-santa-quiteria-saloa.jpg\" alt=\"\" srcset=\"https:\/\/www.saloanoticias.com\/v1\/wp-content\/uploads\/2018\/07\/cemiterio-santa-quiteria-saloa.jpg 1398w, https:\/\/www.saloanoticias.com\/v1\/wp-content\/uploads\/2018\/07\/cemiterio-santa-quiteria-saloa-300x169.jpg 300w, https:\/\/www.saloanoticias.com\/v1\/wp-content\/uploads\/2018\/07\/cemiterio-santa-quiteria-saloa-1024x577.jpg 1024w, https:\/\/www.saloanoticias.com\/v1\/wp-content\/uploads\/2018\/07\/cemiterio-santa-quiteria-saloa-768x433.jpg 768w\" sizes=\"auto, (max-width: 1398px) 100vw, 1398px\" \/>O corpo de Jos\u00e9 Alexandre da Silva, conhecido por Z\u00e9 de Hermeneg\u00eddio, j\u00e1 est\u00e1 em Salo\u00e1 e sendo velado na capela do Cemit\u00e9rio Santa Quit\u00e9ria, no centro da cidade. Segundo as informa\u00e7\u00f5es repassadas pelos familiares, o mesmo ser\u00e1 sepultado \u00e0s 15h, ou seja, 3h da tarde por conta do adiantado estado do corpo, j\u00e1 que ao que tudo indica, ele teria morrido na quarta-feira (25).<\/span><\/p>\n<p style=\"text-align: justify; background: white; margin: 4.1pt 0cm 4.1pt 0cm;\"><span style=\"font-family: 'Arial','sans-serif'; color: black;\">RELEMBRE O FATO: <span style=\"background: white;\">Z\u00e9 de Hermeneg\u00eddio, foi encontrado sem vida dentro de sua resid\u00eancia que fica no bairro Jos\u00e9 Alves Bezerra, (Cohab Nova), no centro de Salo\u00e1\/PE. Pelas informa\u00e7\u00f5es repassadas ao nosso Blog, vizinhos perceberam um mal cheiro saindo da resid\u00eancia de Jos\u00e9 e comunicaram aos familiares.<\/span><\/span><\/p>\n<p style=\"text-align: justify; background: white; margin: 4.1pt 0cm 4.1pt 0cm;\"><span style=\"font-family: 'Arial','sans-serif'; color: black; background: white;\">De posse da informa\u00e7\u00e3o, um dos irm\u00e3os (Jo\u00e3o) de Z\u00e9 se dirigiu ao local e colocando uma escada no muro j\u00e1 viu o corpo ca\u00eddo na sala e muito sangue no local. Depois disso, a pol\u00edcia foi acionada e foi at\u00e9 o local. Os parentes acreditam que Z\u00e9 foi v\u00edtima de infarto, acrescentando que o mesmo bebia muito, e isso, poderia ter provocado a morte dele, por\u00e9m, perto do corpo havia muito sangue.<\/span> O caso est\u00e1 sendo investigado pela Delegacia de Salo\u00e1\/PE.<\/p>\n<div style=\"margin-top: 0px; margin-bottom: 0px;\" class=\"sharethis-inline-share-buttons\" ><\/div>","protected":false},"excerpt":{"rendered":"<p>O corpo de Jos\u00e9 Alexandre da Silva, conhecido por Z\u00e9 de Hermeneg\u00eddio, j\u00e1 est\u00e1 em Salo\u00e1 e sendo velado na capela do Cemit\u00e9rio Santa Quit\u00e9ria, no centro da cidade. Segundo as informa\u00e7\u00f5es repassadas pelos familiares, o mesmo ser\u00e1 sepultado \u00e0s 15h, ou seja, 3h da tarde por conta do adiantado estado do corpo, j\u00e1 que [&hellip;]<\/p>\n","protected":false},"author":2,"featured_media":4535,"comment_status":"open","ping_status":"open","sticky":false,"template":"","format":"standard","meta":{"footnotes":""},"categories":[2],"tags":[],"class_list":["post-4534","post","type-post","status-publish","format-standard","has-post-thumbnail","hentry","category-noticias-do-dia"],"_links":{"self":[{"href":"https:\/\/www.saloanoticias.com\/v1\/wp-json\/wp\/v2\/posts\/4534","targetHints":{"allow":["GET"]}}],"collection":[{"href":"https:\/\/www.saloanoticias.com\/v1\/wp-json\/wp\/v2\/posts"}],"about":[{"href":"https:\/\/www.saloanoticias.com\/v1\/wp-json\/wp\/v2\/types\/post"}],"author":[{"embeddable":true,"href":"https:\/\/www.saloanoticias.com\/v1\/wp-json\/wp\/v2\/users\/2"}],"replies":[{"embeddable":true,"href":"https:\/\/www.saloanoticias.com\/v1\/wp-json\/wp\/v2\/comments?post=4534"}],"version-history":[{"count":4,"href":"https:\/\/www.saloanoticias.com\/v1\/wp-json\/wp\/v2\/posts\/4534\/revisions"}],"predecessor-version":[{"id":4539,"href":"https:\/\/www.saloanoticias.com\/v1\/wp-json\/wp\/v2\/posts\/4534\/revisions\/4539"}],"wp:featuredmedia":[{"embeddable":true,"href":"https:\/\/www.saloanoticias.com\/v1\/wp-json\/wp\/v2\/media\/4535"}],"wp:attachment":[{"href":"https:\/\/www.saloanoticias.com\/v1\/wp-json\/wp\/v2\/media?parent=4534"}],"wp:term":[{"taxonomy":"category","embeddable":true,"href":"https:\/\/www.saloanoticias.com\/v1\/wp-json\/wp\/v2\/categories?post=4534"},{"taxonomy":"post_tag","embeddable":true,"href":"https:\/\/www.saloanoticias.com\/v1\/wp-json\/wp\/v2\/tags?post=4534"}],"curies":[{"name":"wp","href":"https:\/\/api.w.org\/{rel}","templated":true}]}}