{"id":4518,"date":"2018-07-31T15:58:39","date_gmt":"2018-07-31T15:58:39","guid":{"rendered":"https:\/\/saloanoticias.com\/v1\/?p=4518"},"modified":"2018-07-31T16:10:30","modified_gmt":"2018-07-31T16:10:30","slug":"saloa-participa-de-congresso-nacional-de-secretarias-de-saude","status":"publish","type":"post","link":"https:\/\/www.saloanoticias.com\/v1\/saloa-participa-de-congresso-nacional-de-secretarias-de-saude\/","title":{"rendered":"SALO\u00c1 PARTICIPA DE CONGRESSO NACIONAL DE SECRETARIAS DE SA\u00daDE"},"content":{"rendered":"<p style=\"text-align: justify; background: white; margin: 4.1pt 0cm 4.1pt 0cm;\"><span style=\"font-family: 'Arial','sans-serif'; color: black;\"><img loading=\"lazy\" decoding=\"async\" width=\"1024\" height=\"741\" class=\"aligncenter size-full wp-image-4519\" src=\"https:\/\/saloanoticias.com\/v1\/wp-content\/uploads\/2018\/07\/saloa-saude-2.jpg\" alt=\"\" srcset=\"https:\/\/www.saloanoticias.com\/v1\/wp-content\/uploads\/2018\/07\/saloa-saude-2.jpg 1024w, https:\/\/www.saloanoticias.com\/v1\/wp-content\/uploads\/2018\/07\/saloa-saude-2-300x217.jpg 300w, https:\/\/www.saloanoticias.com\/v1\/wp-content\/uploads\/2018\/07\/saloa-saude-2-768x556.jpg 768w\" sizes=\"auto, (max-width: 1024px) 100vw, 1024px\" \/>A Prefeitura Municipal de Salo\u00e1 representou o Estado de Pernambuco no XXXIV Congresso Nacional de Secretarias Municipais de Sa\u00fade, evento que trazia na sua programa\u00e7\u00e3o um destaque especial para a &#8220;15\u00aa Mostra Brasil, aqui tem SUS&#8221;, que d\u00e1 oportunidade para a divulga\u00e7\u00e3o de experi\u00eancias exitosas de secretarias municipais de sa\u00fade de todos os estados do pa\u00eds.<\/span><\/p>\n<p><img loading=\"lazy\" decoding=\"async\" width=\"1220\" height=\"566\" class=\"aligncenter size-full wp-image-4520\" src=\"https:\/\/saloanoticias.com\/v1\/wp-content\/uploads\/2018\/07\/saloa-saude-3.jpg\" alt=\"\" srcset=\"https:\/\/www.saloanoticias.com\/v1\/wp-content\/uploads\/2018\/07\/saloa-saude-3.jpg 1220w, https:\/\/www.saloanoticias.com\/v1\/wp-content\/uploads\/2018\/07\/saloa-saude-3-300x139.jpg 300w, https:\/\/www.saloanoticias.com\/v1\/wp-content\/uploads\/2018\/07\/saloa-saude-3-1024x475.jpg 1024w, https:\/\/www.saloanoticias.com\/v1\/wp-content\/uploads\/2018\/07\/saloa-saude-3-768x356.jpg 768w\" sizes=\"auto, (max-width: 1220px) 100vw, 1220px\" \/><\/p>\n<p style=\"text-align: justify; background: white; margin: 4.1pt 0cm 4.1pt 0cm;\"><span style=\"font-family: 'Arial','sans-serif'; color: black;\">A Secret\u00e1ria de Sa\u00fade de Salo\u00e1, Manuela Torres Souto, apresentou no Congresso Nacional de Secretarias Municipais o projeto saloaense\u00a0<span style=\"background: white;\">\u201c\u00c1gua para Consumo Humano: Sistemas alternativos para tratamentos desenvolvidos no Munic\u00edpio de Salo\u00e1-PE\u201d, onde mais uma vez foi premiado, desta vez com um Webdoc.<\/span><\/span><\/p>\n<p><img loading=\"lazy\" decoding=\"async\" width=\"1280\" height=\"853\" class=\"aligncenter size-full wp-image-4521\" src=\"https:\/\/saloanoticias.com\/v1\/wp-content\/uploads\/2018\/07\/saloa-saude-1.jpg\" alt=\"\" srcset=\"https:\/\/www.saloanoticias.com\/v1\/wp-content\/uploads\/2018\/07\/saloa-saude-1.jpg 1280w, https:\/\/www.saloanoticias.com\/v1\/wp-content\/uploads\/2018\/07\/saloa-saude-1-300x200.jpg 300w, https:\/\/www.saloanoticias.com\/v1\/wp-content\/uploads\/2018\/07\/saloa-saude-1-1024x682.jpg 1024w, https:\/\/www.saloanoticias.com\/v1\/wp-content\/uploads\/2018\/07\/saloa-saude-1-768x512.jpg 768w\" sizes=\"auto, (max-width: 1280px) 100vw, 1280px\" \/><\/p>\n<p style=\"text-align: justify; background: white; margin: 4.1pt 0cm 4.1pt 0cm;\"><span style=\"font-family: 'Arial','sans-serif'; color: black; background: white;\">O projeto de autoria de Manuela Torres e coautoria de Andr\u00e9 Amaral e Paulo S\u00e9rgio Soares, foi apresentado na &#8220;15\u00aa Mostra Brasil aqui tem SUS&#8221; e foi classificado como a melhor experi\u00eancia do Estado de Pernambuco.<\/span><\/p>\n<div style=\"margin-top: 0px; margin-bottom: 0px;\" class=\"sharethis-inline-share-buttons\" ><\/div>","protected":false},"excerpt":{"rendered":"<p>A Prefeitura Municipal de Salo\u00e1 representou o Estado de Pernambuco no XXXIV Congresso Nacional de Secretarias Municipais de Sa\u00fade, evento que trazia na sua programa\u00e7\u00e3o um destaque especial para a &#8220;15\u00aa Mostra Brasil, aqui tem SUS&#8221;, que d\u00e1 oportunidade para a divulga\u00e7\u00e3o de experi\u00eancias exitosas de secretarias municipais de sa\u00fade de todos os estados do [&hellip;]<\/p>\n","protected":false},"author":2,"featured_media":4519,"comment_status":"open","ping_status":"open","sticky":false,"template":"","format":"standard","meta":{"footnotes":""},"categories":[2],"tags":[],"class_list":["post-4518","post","type-post","status-publish","format-standard","has-post-thumbnail","hentry","category-noticias-do-dia"],"_links":{"self":[{"href":"https:\/\/www.saloanoticias.com\/v1\/wp-json\/wp\/v2\/posts\/4518","targetHints":{"allow":["GET"]}}],"collection":[{"href":"https:\/\/www.saloanoticias.com\/v1\/wp-json\/wp\/v2\/posts"}],"about":[{"href":"https:\/\/www.saloanoticias.com\/v1\/wp-json\/wp\/v2\/types\/post"}],"author":[{"embeddable":true,"href":"https:\/\/www.saloanoticias.com\/v1\/wp-json\/wp\/v2\/users\/2"}],"replies":[{"embeddable":true,"href":"https:\/\/www.saloanoticias.com\/v1\/wp-json\/wp\/v2\/comments?post=4518"}],"version-history":[{"count":9,"href":"https:\/\/www.saloanoticias.com\/v1\/wp-json\/wp\/v2\/posts\/4518\/revisions"}],"predecessor-version":[{"id":4530,"href":"https:\/\/www.saloanoticias.com\/v1\/wp-json\/wp\/v2\/posts\/4518\/revisions\/4530"}],"wp:featuredmedia":[{"embeddable":true,"href":"https:\/\/www.saloanoticias.com\/v1\/wp-json\/wp\/v2\/media\/4519"}],"wp:attachment":[{"href":"https:\/\/www.saloanoticias.com\/v1\/wp-json\/wp\/v2\/media?parent=4518"}],"wp:term":[{"taxonomy":"category","embeddable":true,"href":"https:\/\/www.saloanoticias.com\/v1\/wp-json\/wp\/v2\/categories?post=4518"},{"taxonomy":"post_tag","embeddable":true,"href":"https:\/\/www.saloanoticias.com\/v1\/wp-json\/wp\/v2\/tags?post=4518"}],"curies":[{"name":"wp","href":"https:\/\/api.w.org\/{rel}","templated":true}]}}