{"id":4513,"date":"2018-07-31T15:52:50","date_gmt":"2018-07-31T15:52:50","guid":{"rendered":"https:\/\/saloanoticias.com\/v1\/?p=4513"},"modified":"2018-07-31T16:16:08","modified_gmt":"2018-07-31T16:16:08","slug":"projeto-cras-na-comunidade-esta-sendo-realizado-em-saloa","status":"publish","type":"post","link":"https:\/\/www.saloanoticias.com\/v1\/projeto-cras-na-comunidade-esta-sendo-realizado-em-saloa\/","title":{"rendered":"PROJETO &#8220;CRAS NA COMUNIDADE&#8221; EST\u00c1 SENDO REALIZADO EM SALO\u00c1"},"content":{"rendered":"<p><img loading=\"lazy\" decoding=\"async\" width=\"960\" height=\"656\" class=\"aligncenter size-full wp-image-4514\" src=\"https:\/\/saloanoticias.com\/v1\/wp-content\/uploads\/2018\/07\/cras-saloa-2.jpg\" alt=\"\" srcset=\"https:\/\/www.saloanoticias.com\/v1\/wp-content\/uploads\/2018\/07\/cras-saloa-2.jpg 960w, https:\/\/www.saloanoticias.com\/v1\/wp-content\/uploads\/2018\/07\/cras-saloa-2-300x205.jpg 300w, https:\/\/www.saloanoticias.com\/v1\/wp-content\/uploads\/2018\/07\/cras-saloa-2-768x525.jpg 768w\" sizes=\"auto, (max-width: 960px) 100vw, 960px\" \/>A Prefeitura Municipal de Salo\u00e1, atrav\u00e9s da Secretaria Municipal de Assist\u00eancia Social e CRAS \u2013 Centro de Refer\u00eancia da Assist\u00eancia Social est\u00e1 desenvolvendo o Projeto \u201cCRAS na Comunidade\u201d com o objetivo de descentralizar os trabalhos realizados por este centro e levar os servi\u00e7os mais pr\u00f3ximos aos cidad\u00e3os. Dentre os servi\u00e7os ofertados est\u00e3o:<\/p>\n<p>Servi\u00e7o de Prote\u00e7\u00e3o e Atendimento Integral \u00e0 Fam\u00edlia \u2013 PAIF, que consiste no trabalho social com fam\u00edlias, de car\u00e1ter continuado, com a finalidade de fortalecer\u00a0a fun\u00e7\u00e3o protetiva das fam\u00edlias, prevenir a ruptura dos seus v\u00ednculos, promover seu acesso e usufruto de direitos e contribuir na melhoria de sua qualidade de vida;<\/p>\n<p style=\"text-align: center;\"><strong>Servi\u00e7o de Conviv\u00eancia e Fortalecimento de V\u00ednculos;<\/strong><\/p>\n<p style=\"text-align: center;\"><strong>Encaminhamentos Para a Rede Socioassistencial;<\/strong><\/p>\n<p style=\"text-align: center;\"><strong>Inscri\u00e7\u00f5es Para Cursos, Projeto Sop\u00e3o, Benef\u00edcios Eventuais;<\/strong><\/p>\n<p style=\"text-align: center;\"><strong>Acompanhamento \u00e0s Fam\u00edlias do Programa Crian\u00e7a Feliz;<\/strong><\/p>\n<p style=\"text-align: center;\"><strong>Atendimento aos Usu\u00e1rios do Programa Bolsa Fam\u00edlia.<\/strong><\/p>\n<p><img loading=\"lazy\" decoding=\"async\" class=\"aligncenter wp-image-4515\" src=\"https:\/\/saloanoticias.com\/v1\/wp-content\/uploads\/2018\/07\/cras-saloa-1.jpg\" alt=\"\" width=\"831\" height=\"981\" srcset=\"https:\/\/www.saloanoticias.com\/v1\/wp-content\/uploads\/2018\/07\/cras-saloa-1.jpg 774w, https:\/\/www.saloanoticias.com\/v1\/wp-content\/uploads\/2018\/07\/cras-saloa-1-254x300.jpg 254w, https:\/\/www.saloanoticias.com\/v1\/wp-content\/uploads\/2018\/07\/cras-saloa-1-768x907.jpg 768w\" sizes=\"auto, (max-width: 831px) 100vw, 831px\" \/><\/p>\n<p>O projeto acontece no Povoado de Iatec\u00e1, no N\u00facleo operacional Isabel Souto, localizado ao lado da Escola Manoel Tiago Mendes, com atendimento todas as quintas-feiras, das 08h \u00e0s 15h beneficiando a popula\u00e7\u00e3o de Iatec\u00e1, Serrinha da Prata e regi\u00e3o que j\u00e1 podem buscar os servi\u00e7os mais pr\u00f3ximos de casa.<\/p>\n<div style=\"margin-top: 0px; margin-bottom: 0px;\" class=\"sharethis-inline-share-buttons\" ><\/div>","protected":false},"excerpt":{"rendered":"<p>A Prefeitura Municipal de Salo\u00e1, atrav\u00e9s da Secretaria Municipal de Assist\u00eancia Social e CRAS \u2013 Centro de Refer\u00eancia da Assist\u00eancia Social est\u00e1 desenvolvendo o Projeto \u201cCRAS na Comunidade\u201d com o objetivo de descentralizar os trabalhos realizados por este centro e levar os servi\u00e7os mais pr\u00f3ximos aos cidad\u00e3os. Dentre os servi\u00e7os ofertados est\u00e3o: Servi\u00e7o de Prote\u00e7\u00e3o [&hellip;]<\/p>\n","protected":false},"author":2,"featured_media":4514,"comment_status":"open","ping_status":"open","sticky":false,"template":"","format":"standard","meta":{"footnotes":""},"categories":[2],"tags":[],"class_list":["post-4513","post","type-post","status-publish","format-standard","has-post-thumbnail","hentry","category-noticias-do-dia"],"_links":{"self":[{"href":"https:\/\/www.saloanoticias.com\/v1\/wp-json\/wp\/v2\/posts\/4513","targetHints":{"allow":["GET"]}}],"collection":[{"href":"https:\/\/www.saloanoticias.com\/v1\/wp-json\/wp\/v2\/posts"}],"about":[{"href":"https:\/\/www.saloanoticias.com\/v1\/wp-json\/wp\/v2\/types\/post"}],"author":[{"embeddable":true,"href":"https:\/\/www.saloanoticias.com\/v1\/wp-json\/wp\/v2\/users\/2"}],"replies":[{"embeddable":true,"href":"https:\/\/www.saloanoticias.com\/v1\/wp-json\/wp\/v2\/comments?post=4513"}],"version-history":[{"count":4,"href":"https:\/\/www.saloanoticias.com\/v1\/wp-json\/wp\/v2\/posts\/4513\/revisions"}],"predecessor-version":[{"id":4533,"href":"https:\/\/www.saloanoticias.com\/v1\/wp-json\/wp\/v2\/posts\/4513\/revisions\/4533"}],"wp:featuredmedia":[{"embeddable":true,"href":"https:\/\/www.saloanoticias.com\/v1\/wp-json\/wp\/v2\/media\/4514"}],"wp:attachment":[{"href":"https:\/\/www.saloanoticias.com\/v1\/wp-json\/wp\/v2\/media?parent=4513"}],"wp:term":[{"taxonomy":"category","embeddable":true,"href":"https:\/\/www.saloanoticias.com\/v1\/wp-json\/wp\/v2\/categories?post=4513"},{"taxonomy":"post_tag","embeddable":true,"href":"https:\/\/www.saloanoticias.com\/v1\/wp-json\/wp\/v2\/tags?post=4513"}],"curies":[{"name":"wp","href":"https:\/\/api.w.org\/{rel}","templated":true}]}}