{"id":4508,"date":"2018-07-30T23:59:33","date_gmt":"2018-07-30T23:59:33","guid":{"rendered":"https:\/\/saloanoticias.com\/v1\/?p=4508"},"modified":"2018-07-31T00:01:18","modified_gmt":"2018-07-31T00:01:18","slug":"corpo-da-pernambucana-morta-na-nicaragua-perto-de-voltar-ao-brasil","status":"publish","type":"post","link":"https:\/\/www.saloanoticias.com\/v1\/corpo-da-pernambucana-morta-na-nicaragua-perto-de-voltar-ao-brasil\/","title":{"rendered":"CORPO DE PERNAMBUCANA MORTA NA NICAR\u00c1GUA PERTO DE VOLTAR AO BRASIL"},"content":{"rendered":"<p><img loading=\"lazy\" decoding=\"async\" width=\"768\" height=\"512\" class=\"aligncenter size-full wp-image-4509\" src=\"https:\/\/saloanoticias.com\/v1\/wp-content\/uploads\/2018\/07\/Centro-1.jpg\" alt=\"\" srcset=\"https:\/\/www.saloanoticias.com\/v1\/wp-content\/uploads\/2018\/07\/Centro-1.jpg 768w, https:\/\/www.saloanoticias.com\/v1\/wp-content\/uploads\/2018\/07\/Centro-1-300x200.jpg 300w\" sizes=\"auto, (max-width: 768px) 100vw, 768px\" \/>O corpo da m\u00e9dica Rayn\u00e9ia Gabrielle Lima, de 30 anos, assassinada no \u00faltimo dia 23, na cidade de Man\u00e1gua, capital da Nicar\u00e1gua, j\u00e1 foi embalsamado, segundo informa\u00e7\u00e3o da Secretaria de Justi\u00e7a e Direitos Humanos (SJDH). A partir de agora a fam\u00edlia aguarda o retorno ao Recife, que depende da libera\u00e7\u00e3o da certid\u00e3o de \u00f3bito da vigil\u00e2ncia sanit\u00e1ria, emitida pela Prefeitura de Man\u00e1gua, e a posterior autoriza\u00e7\u00e3o do Minist\u00e9rio da Sa\u00fade da Nicar\u00e1gua.<\/p>\n<p>Toda a documenta\u00e7\u00e3o est\u00e1 sendo diligenciada pelo Minist\u00e9rio das Rela\u00e7\u00f5es Exteriores (MRE), com o acompanhamento do Governo de Pernambuco. A Secretaria ainda acrescentou que &#8220;nenhuma execu\u00e7\u00e3o dos tr\u00e2mites necess\u00e1rios para o translado sofreu preju\u00edzo devido ao or\u00e7amento\/pagamento&#8221;. De acordo com a SJDH, j\u00e1 foram dados todos os ecaminhamentos, independente da transa\u00e7\u00e3o financeira, inclusive com o apoio constante da casa funer\u00e1ria e da companhia a\u00e9rea que far\u00e1 o translado.<\/p>\n<p>A libera\u00e7\u00e3o do corpo da estudante tamb\u00e9m est\u00e1 sendo acompanhada pelo Minist\u00e9rio das Rela\u00e7\u00f5es Exteriores (MRE), em Bras\u00edlia. O Itamaraty se manifestou por meio de nota em que afirma que a pasta est\u00e1 em contato com parentes da estudante por meio do N\u00facleo de Atendimento a Brasileiro em Bras\u00edlia e do escrit\u00f3rio do MRE em Recife.<\/p>\n<p>\u201cA Embaixada do Brasil em Man\u00e1gua est\u00e1 prestando todo o apoio cab\u00edvel no sentido de obter a documenta\u00e7\u00e3o necess\u00e1ria para a libera\u00e7\u00e3o do corpo e providenciando o levantamento dos custos pertinentes, informando-os \u00e0 fam\u00edlia. Os procedimentos m\u00e9dico-legais s\u00e3o de compet\u00eancia exclusiva das autoridades da Nicar\u00e1gua, respons\u00e1veis pela libera\u00e7\u00e3o do corpo\u201d, diz a nota divulgada pelo Itamaraty. <em>Fonte: Di\u00e1rio de Pernambuco<\/em><\/p>\n<div style=\"margin-top: 0px; margin-bottom: 0px;\" class=\"sharethis-inline-share-buttons\" ><\/div>","protected":false},"excerpt":{"rendered":"<p>O corpo da m\u00e9dica Rayn\u00e9ia Gabrielle Lima, de 30 anos, assassinada no \u00faltimo dia 23, na cidade de Man\u00e1gua, capital da Nicar\u00e1gua, j\u00e1 foi embalsamado, segundo informa\u00e7\u00e3o da Secretaria de Justi\u00e7a e Direitos Humanos (SJDH). A partir de agora a fam\u00edlia aguarda o retorno ao Recife, que depende da libera\u00e7\u00e3o da certid\u00e3o de \u00f3bito da [&hellip;]<\/p>\n","protected":false},"author":2,"featured_media":4509,"comment_status":"open","ping_status":"open","sticky":false,"template":"","format":"standard","meta":{"footnotes":""},"categories":[2],"tags":[],"class_list":["post-4508","post","type-post","status-publish","format-standard","has-post-thumbnail","hentry","category-noticias-do-dia"],"_links":{"self":[{"href":"https:\/\/www.saloanoticias.com\/v1\/wp-json\/wp\/v2\/posts\/4508","targetHints":{"allow":["GET"]}}],"collection":[{"href":"https:\/\/www.saloanoticias.com\/v1\/wp-json\/wp\/v2\/posts"}],"about":[{"href":"https:\/\/www.saloanoticias.com\/v1\/wp-json\/wp\/v2\/types\/post"}],"author":[{"embeddable":true,"href":"https:\/\/www.saloanoticias.com\/v1\/wp-json\/wp\/v2\/users\/2"}],"replies":[{"embeddable":true,"href":"https:\/\/www.saloanoticias.com\/v1\/wp-json\/wp\/v2\/comments?post=4508"}],"version-history":[{"count":2,"href":"https:\/\/www.saloanoticias.com\/v1\/wp-json\/wp\/v2\/posts\/4508\/revisions"}],"predecessor-version":[{"id":4511,"href":"https:\/\/www.saloanoticias.com\/v1\/wp-json\/wp\/v2\/posts\/4508\/revisions\/4511"}],"wp:featuredmedia":[{"embeddable":true,"href":"https:\/\/www.saloanoticias.com\/v1\/wp-json\/wp\/v2\/media\/4509"}],"wp:attachment":[{"href":"https:\/\/www.saloanoticias.com\/v1\/wp-json\/wp\/v2\/media?parent=4508"}],"wp:term":[{"taxonomy":"category","embeddable":true,"href":"https:\/\/www.saloanoticias.com\/v1\/wp-json\/wp\/v2\/categories?post=4508"},{"taxonomy":"post_tag","embeddable":true,"href":"https:\/\/www.saloanoticias.com\/v1\/wp-json\/wp\/v2\/tags?post=4508"}],"curies":[{"name":"wp","href":"https:\/\/api.w.org\/{rel}","templated":true}]}}