{"id":4504,"date":"2018-07-30T16:28:12","date_gmt":"2018-07-30T16:28:12","guid":{"rendered":"https:\/\/saloanoticias.com\/v1\/?p=4504"},"modified":"2018-07-30T16:28:46","modified_gmt":"2018-07-30T16:28:46","slug":"secretaria-de-educacao-realiza-encontro-tecnico-com-merendeiras-da-rede-municipal-de-ensino","status":"publish","type":"post","link":"https:\/\/www.saloanoticias.com\/v1\/secretaria-de-educacao-realiza-encontro-tecnico-com-merendeiras-da-rede-municipal-de-ensino\/","title":{"rendered":"SECRETARIA DE EDUCA\u00c7\u00c3O REALIZA ENCONTRO T\u00c9CNICO COM MERENDEIRAS"},"content":{"rendered":"<p><img loading=\"lazy\" decoding=\"async\" width=\"910\" height=\"910\" class=\"aligncenter size-full wp-image-4505\" src=\"https:\/\/saloanoticias.com\/v1\/wp-content\/uploads\/2018\/07\/educacao-saloa.jpeg\" alt=\"\" srcset=\"https:\/\/www.saloanoticias.com\/v1\/wp-content\/uploads\/2018\/07\/educacao-saloa.jpeg 910w, https:\/\/www.saloanoticias.com\/v1\/wp-content\/uploads\/2018\/07\/educacao-saloa-300x300.jpeg 300w, https:\/\/www.saloanoticias.com\/v1\/wp-content\/uploads\/2018\/07\/educacao-saloa-150x150.jpeg 150w, https:\/\/www.saloanoticias.com\/v1\/wp-content\/uploads\/2018\/07\/educacao-saloa-768x768.jpeg 768w, https:\/\/www.saloanoticias.com\/v1\/wp-content\/uploads\/2018\/07\/educacao-saloa-80x80.jpeg 80w\" sizes=\"auto, (max-width: 910px) 100vw, 910px\" \/>A Prefeitura Municipal de Salo\u00e1, por meio da Secretaria Municipal de Educa\u00e7\u00e3o, realizou no dia 23 de julho de 2018, no audit\u00f3rio da Escola S\u00e3o Vicente, mais um Encontro T\u00e9cnico de Merendeiras e Auxiliares das Escolas da Rede Municipal de Ensino. O objetivo do encontro foi levar conhecimentos t\u00e9cnicos aos profissionais envolvidos com a merenda escolar para garantir uma alimenta\u00e7\u00e3o saborosa, saud\u00e1vel e segura.<\/p>\n<p>A forma\u00e7\u00e3o foi realizada por Arenilda Calixto, Nutricionista da Secretaria de Educa\u00e7\u00e3o, com o apoio de Ana Maria, t\u00e9cnica respons\u00e1vel pela distribui\u00e7\u00e3o da merenda. O encontro contou com a participa\u00e7\u00e3o de 55 pessoas, entre merendeiras e auxiliares, que receberam orienta\u00e7\u00f5es sobre a import\u00e2ncia do planejamento das a\u00e7\u00f5es e do trabalho em equipe, das boas pr\u00e1ticas na manipula\u00e7\u00e3o de alimentos e da padroniza\u00e7\u00e3o das fichas t\u00e9cnicas de prepara\u00e7\u00e3o.<\/p>\n<div style=\"margin-top: 0px; margin-bottom: 0px;\" class=\"sharethis-inline-share-buttons\" ><\/div>","protected":false},"excerpt":{"rendered":"<p>A Prefeitura Municipal de Salo\u00e1, por meio da Secretaria Municipal de Educa\u00e7\u00e3o, realizou no dia 23 de julho de 2018, no audit\u00f3rio da Escola S\u00e3o Vicente, mais um Encontro T\u00e9cnico de Merendeiras e Auxiliares das Escolas da Rede Municipal de Ensino. O objetivo do encontro foi levar conhecimentos t\u00e9cnicos aos profissionais envolvidos com a merenda [&hellip;]<\/p>\n","protected":false},"author":2,"featured_media":4505,"comment_status":"open","ping_status":"open","sticky":false,"template":"","format":"standard","meta":{"footnotes":""},"categories":[2],"tags":[],"class_list":["post-4504","post","type-post","status-publish","format-standard","has-post-thumbnail","hentry","category-noticias-do-dia"],"_links":{"self":[{"href":"https:\/\/www.saloanoticias.com\/v1\/wp-json\/wp\/v2\/posts\/4504","targetHints":{"allow":["GET"]}}],"collection":[{"href":"https:\/\/www.saloanoticias.com\/v1\/wp-json\/wp\/v2\/posts"}],"about":[{"href":"https:\/\/www.saloanoticias.com\/v1\/wp-json\/wp\/v2\/types\/post"}],"author":[{"embeddable":true,"href":"https:\/\/www.saloanoticias.com\/v1\/wp-json\/wp\/v2\/users\/2"}],"replies":[{"embeddable":true,"href":"https:\/\/www.saloanoticias.com\/v1\/wp-json\/wp\/v2\/comments?post=4504"}],"version-history":[{"count":2,"href":"https:\/\/www.saloanoticias.com\/v1\/wp-json\/wp\/v2\/posts\/4504\/revisions"}],"predecessor-version":[{"id":4507,"href":"https:\/\/www.saloanoticias.com\/v1\/wp-json\/wp\/v2\/posts\/4504\/revisions\/4507"}],"wp:featuredmedia":[{"embeddable":true,"href":"https:\/\/www.saloanoticias.com\/v1\/wp-json\/wp\/v2\/media\/4505"}],"wp:attachment":[{"href":"https:\/\/www.saloanoticias.com\/v1\/wp-json\/wp\/v2\/media?parent=4504"}],"wp:term":[{"taxonomy":"category","embeddable":true,"href":"https:\/\/www.saloanoticias.com\/v1\/wp-json\/wp\/v2\/categories?post=4504"},{"taxonomy":"post_tag","embeddable":true,"href":"https:\/\/www.saloanoticias.com\/v1\/wp-json\/wp\/v2\/tags?post=4504"}],"curies":[{"name":"wp","href":"https:\/\/api.w.org\/{rel}","templated":true}]}}