{"id":4486,"date":"2018-07-30T02:02:40","date_gmt":"2018-07-30T02:02:40","guid":{"rendered":"https:\/\/saloanoticias.com\/v1\/?p=4486"},"modified":"2018-07-30T02:15:00","modified_gmt":"2018-07-30T02:15:00","slug":"mais-de-3-mil-pessoas-participaram-do-congresso-de-jovens-da-ieadpe-em-saloa","status":"publish","type":"post","link":"https:\/\/www.saloanoticias.com\/v1\/mais-de-3-mil-pessoas-participaram-do-congresso-de-jovens-da-ieadpe-em-saloa\/","title":{"rendered":"MAIS DE 3 MIL PESSOAS PARTICIPAM DO CONGRESSO DE JOVENS DA IEADPE EM SALO\u00c1"},"content":{"rendered":"<p><img loading=\"lazy\" decoding=\"async\" width=\"960\" height=\"732\" class=\"aligncenter size-full wp-image-4488\" src=\"https:\/\/saloanoticias.com\/v1\/wp-content\/uploads\/2018\/07\/Raiox-1.jpg\" alt=\"\" srcset=\"https:\/\/www.saloanoticias.com\/v1\/wp-content\/uploads\/2018\/07\/Raiox-1.jpg 960w, https:\/\/www.saloanoticias.com\/v1\/wp-content\/uploads\/2018\/07\/Raiox-1-300x229.jpg 300w, https:\/\/www.saloanoticias.com\/v1\/wp-content\/uploads\/2018\/07\/Raiox-1-768x586.jpg 768w\" sizes=\"auto, (max-width: 960px) 100vw, 960px\" \/>Aconteceu nos dias 20, 21 e 22 de julho o 7\u00ba Congresso de Jovens da IEADPE \u2013 Igreja Evang\u00e9lica Assembleia de Deus, com filial na cidade de Salo\u00e1\/PE. Foram dias de um grande mover do Esp\u00edrito Santo na vida das pessoas que participaram deste grande evento, disse o pastor Regotier Martins. Segundo os organizadores, mais de 3 mil pessoas estiveram no templo que fica na Rua Rold\u00e3o Ten\u00f3rio Cavalcante nos dias de festa.<\/p>\n<p><img loading=\"lazy\" decoding=\"async\" width=\"960\" height=\"720\" class=\"aligncenter size-full wp-image-4489\" src=\"https:\/\/saloanoticias.com\/v1\/wp-content\/uploads\/2018\/07\/cogresso-ieadpe-saloa.jpg\" alt=\"\" srcset=\"https:\/\/www.saloanoticias.com\/v1\/wp-content\/uploads\/2018\/07\/cogresso-ieadpe-saloa.jpg 960w, https:\/\/www.saloanoticias.com\/v1\/wp-content\/uploads\/2018\/07\/cogresso-ieadpe-saloa-300x225.jpg 300w, https:\/\/www.saloanoticias.com\/v1\/wp-content\/uploads\/2018\/07\/cogresso-ieadpe-saloa-768x576.jpg 768w\" sizes=\"auto, (max-width: 960px) 100vw, 960px\" \/><\/p>\n<p>V\u00e1rios cantores louvaram o nome do Senhor, dentre eles Jesimiel dos Passos vindo da cidade de Escada\/PE, Jorge Junior de Recife e o jovem Lucas tamb\u00e9m da capital do Estado. J\u00e1 na prega\u00e7\u00e3o estiveram o presb\u00edtero Adaias de \u00c1guas Belas e o evangelista Lourival Neto do Recife. No domingo pela manh\u00e3, a IEADPE realizou um lindo batismo nas \u00e1guas com 55 novos membros sendo incorporados \u00e0 Igreja.<\/p>\n<p><img loading=\"lazy\" decoding=\"async\" width=\"960\" height=\"720\" class=\"aligncenter size-full wp-image-4490\" src=\"https:\/\/saloanoticias.com\/v1\/wp-content\/uploads\/2018\/07\/ieadpe-saloa-pe.jpg\" alt=\"\" srcset=\"https:\/\/www.saloanoticias.com\/v1\/wp-content\/uploads\/2018\/07\/ieadpe-saloa-pe.jpg 960w, https:\/\/www.saloanoticias.com\/v1\/wp-content\/uploads\/2018\/07\/ieadpe-saloa-pe-300x225.jpg 300w, https:\/\/www.saloanoticias.com\/v1\/wp-content\/uploads\/2018\/07\/ieadpe-saloa-pe-768x576.jpg 768w\" sizes=\"auto, (max-width: 960px) 100vw, 960px\" \/><\/p>\n<p>Quem realizou o batismo foi o pastor C\u00e2ndido de Freitas da filial em Garanhuns. J\u00e1 pela noite, 24 pessoas foram batizadas com o Esp\u00edrito Santo, 7 se entregaram a Jesus e grande foi o mover de Deus naquele culto. O 7\u00ba Congresso de Jovens da IEADPE em Salo\u00e1 recebeu caravanas das cidade: Garanhuns, Brej\u00e3o, Quipap\u00e1, Caet\u00e9s, Iat\u00ed, Bom Conselho, Lajedo, Capoeiras, Jurema, S\u00e3o Jo\u00e3o dentre outras. A IEADPE na cidade de Salo\u00e1 tem a dire\u00e7\u00e3o do pastor Regotier Martins, que se disse bastante satisfeito com os resultados do congresso.<\/p>\n<p><img loading=\"lazy\" decoding=\"async\" width=\"960\" height=\"720\" class=\"aligncenter size-full wp-image-4491\" src=\"https:\/\/saloanoticias.com\/v1\/wp-content\/uploads\/2018\/07\/congresso-ieadpe-saloa.jpg\" alt=\"\" srcset=\"https:\/\/www.saloanoticias.com\/v1\/wp-content\/uploads\/2018\/07\/congresso-ieadpe-saloa.jpg 960w, https:\/\/www.saloanoticias.com\/v1\/wp-content\/uploads\/2018\/07\/congresso-ieadpe-saloa-300x225.jpg 300w, https:\/\/www.saloanoticias.com\/v1\/wp-content\/uploads\/2018\/07\/congresso-ieadpe-saloa-768x576.jpg 768w\" sizes=\"auto, (max-width: 960px) 100vw, 960px\" \/><\/p>\n<p><img loading=\"lazy\" decoding=\"async\" width=\"960\" height=\"720\" class=\"aligncenter size-full wp-image-4492\" src=\"https:\/\/saloanoticias.com\/v1\/wp-content\/uploads\/2018\/07\/pr-regotier-saloa.jpg\" alt=\"\" srcset=\"https:\/\/www.saloanoticias.com\/v1\/wp-content\/uploads\/2018\/07\/pr-regotier-saloa.jpg 960w, https:\/\/www.saloanoticias.com\/v1\/wp-content\/uploads\/2018\/07\/pr-regotier-saloa-300x225.jpg 300w, https:\/\/www.saloanoticias.com\/v1\/wp-content\/uploads\/2018\/07\/pr-regotier-saloa-768x576.jpg 768w\" sizes=\"auto, (max-width: 960px) 100vw, 960px\" \/><\/p>\n<p><img loading=\"lazy\" decoding=\"async\" width=\"960\" height=\"720\" class=\"aligncenter size-full wp-image-4493\" src=\"https:\/\/saloanoticias.com\/v1\/wp-content\/uploads\/2018\/07\/IMG_1941-1.jpg\" alt=\"\" srcset=\"https:\/\/www.saloanoticias.com\/v1\/wp-content\/uploads\/2018\/07\/IMG_1941-1.jpg 960w, https:\/\/www.saloanoticias.com\/v1\/wp-content\/uploads\/2018\/07\/IMG_1941-1-300x225.jpg 300w, https:\/\/www.saloanoticias.com\/v1\/wp-content\/uploads\/2018\/07\/IMG_1941-1-768x576.jpg 768w\" sizes=\"auto, (max-width: 960px) 100vw, 960px\" \/><\/p>\n<p><img loading=\"lazy\" decoding=\"async\" width=\"960\" height=\"720\" class=\"aligncenter size-full wp-image-4494\" src=\"https:\/\/saloanoticias.com\/v1\/wp-content\/uploads\/2018\/07\/IMG_1792.jpg\" alt=\"\" srcset=\"https:\/\/www.saloanoticias.com\/v1\/wp-content\/uploads\/2018\/07\/IMG_1792.jpg 960w, https:\/\/www.saloanoticias.com\/v1\/wp-content\/uploads\/2018\/07\/IMG_1792-300x225.jpg 300w, https:\/\/www.saloanoticias.com\/v1\/wp-content\/uploads\/2018\/07\/IMG_1792-768x576.jpg 768w\" sizes=\"auto, (max-width: 960px) 100vw, 960px\" \/><\/p>\n<div style=\"margin-top: 0px; margin-bottom: 0px;\" class=\"sharethis-inline-share-buttons\" ><\/div>","protected":false},"excerpt":{"rendered":"<p>Aconteceu nos dias 20, 21 e 22 de julho o 7\u00ba Congresso de Jovens da IEADPE \u2013 Igreja Evang\u00e9lica Assembleia de Deus, com filial na cidade de Salo\u00e1\/PE. Foram dias de um grande mover do Esp\u00edrito Santo na vida das pessoas que participaram deste grande evento, disse o pastor Regotier Martins. Segundo os organizadores, mais [&hellip;]<\/p>\n","protected":false},"author":2,"featured_media":4488,"comment_status":"open","ping_status":"open","sticky":false,"template":"","format":"standard","meta":{"footnotes":""},"categories":[2],"tags":[],"class_list":["post-4486","post","type-post","status-publish","format-standard","has-post-thumbnail","hentry","category-noticias-do-dia"],"_links":{"self":[{"href":"https:\/\/www.saloanoticias.com\/v1\/wp-json\/wp\/v2\/posts\/4486","targetHints":{"allow":["GET"]}}],"collection":[{"href":"https:\/\/www.saloanoticias.com\/v1\/wp-json\/wp\/v2\/posts"}],"about":[{"href":"https:\/\/www.saloanoticias.com\/v1\/wp-json\/wp\/v2\/types\/post"}],"author":[{"embeddable":true,"href":"https:\/\/www.saloanoticias.com\/v1\/wp-json\/wp\/v2\/users\/2"}],"replies":[{"embeddable":true,"href":"https:\/\/www.saloanoticias.com\/v1\/wp-json\/wp\/v2\/comments?post=4486"}],"version-history":[{"count":8,"href":"https:\/\/www.saloanoticias.com\/v1\/wp-json\/wp\/v2\/posts\/4486\/revisions"}],"predecessor-version":[{"id":4502,"href":"https:\/\/www.saloanoticias.com\/v1\/wp-json\/wp\/v2\/posts\/4486\/revisions\/4502"}],"wp:featuredmedia":[{"embeddable":true,"href":"https:\/\/www.saloanoticias.com\/v1\/wp-json\/wp\/v2\/media\/4488"}],"wp:attachment":[{"href":"https:\/\/www.saloanoticias.com\/v1\/wp-json\/wp\/v2\/media?parent=4486"}],"wp:term":[{"taxonomy":"category","embeddable":true,"href":"https:\/\/www.saloanoticias.com\/v1\/wp-json\/wp\/v2\/categories?post=4486"},{"taxonomy":"post_tag","embeddable":true,"href":"https:\/\/www.saloanoticias.com\/v1\/wp-json\/wp\/v2\/tags?post=4486"}],"curies":[{"name":"wp","href":"https:\/\/api.w.org\/{rel}","templated":true}]}}