{"id":4471,"date":"2018-07-29T19:28:48","date_gmt":"2018-07-29T19:28:48","guid":{"rendered":"https:\/\/saloanoticias.com\/v1\/?p=4471"},"modified":"2018-07-29T19:44:43","modified_gmt":"2018-07-29T19:44:43","slug":"grupo-do-prefeito-ricardo-fecha-apoio-a-andrea-mendonca-e-danilo-cabral","status":"publish","type":"post","link":"https:\/\/www.saloanoticias.com\/v1\/grupo-do-prefeito-ricardo-fecha-apoio-a-andrea-mendonca-e-danilo-cabral\/","title":{"rendered":"GRUPO DO PREFEITO RICARDO FECHA APOIO \u00c0 ANDR\u00c9A MENDON\u00c7A E DANILO CABRAL"},"content":{"rendered":"<p><img loading=\"lazy\" decoding=\"async\" width=\"1271\" height=\"749\" class=\"aligncenter size-full wp-image-4475\" src=\"https:\/\/saloanoticias.com\/v1\/wp-content\/uploads\/2018\/07\/andrea-mendooca-saloa-1.jpeg\" alt=\"\" srcset=\"https:\/\/www.saloanoticias.com\/v1\/wp-content\/uploads\/2018\/07\/andrea-mendooca-saloa-1.jpeg 1271w, https:\/\/www.saloanoticias.com\/v1\/wp-content\/uploads\/2018\/07\/andrea-mendooca-saloa-1-300x177.jpeg 300w, https:\/\/www.saloanoticias.com\/v1\/wp-content\/uploads\/2018\/07\/andrea-mendooca-saloa-1-1024x603.jpeg 1024w, https:\/\/www.saloanoticias.com\/v1\/wp-content\/uploads\/2018\/07\/andrea-mendooca-saloa-1-768x453.jpeg 768w\" sizes=\"auto, (max-width: 1271px) 100vw, 1271px\" \/>O grupo da situa\u00e7\u00e3o em Salo\u00e1 que \u00e9 liderado pelo prefeito Ricardo Alves (MDB) vai apoiar a pr\u00e9-candidata Andr\u00e9a Mendon\u00e7a a uma vaga na ALEPE \u2013 Assembleia Legislativa do Estado de Pernambuco. O an\u00fancio foi feito na tarde deste s\u00e1bado, dia 28 de julho na resid\u00eancia do gestor municipal depois de uma conversa com vereadores, ex-vereadores e suplentes.<\/p>\n<p><img loading=\"lazy\" decoding=\"async\" width=\"1280\" height=\"960\" class=\"aligncenter size-full wp-image-4479\" src=\"https:\/\/saloanoticias.com\/v1\/wp-content\/uploads\/2018\/07\/andrea-mendoca-saloa-2.jpeg\" alt=\"\" srcset=\"https:\/\/www.saloanoticias.com\/v1\/wp-content\/uploads\/2018\/07\/andrea-mendoca-saloa-2.jpeg 1280w, https:\/\/www.saloanoticias.com\/v1\/wp-content\/uploads\/2018\/07\/andrea-mendoca-saloa-2-300x225.jpeg 300w, https:\/\/www.saloanoticias.com\/v1\/wp-content\/uploads\/2018\/07\/andrea-mendoca-saloa-2-1024x768.jpeg 1024w, https:\/\/www.saloanoticias.com\/v1\/wp-content\/uploads\/2018\/07\/andrea-mendoca-saloa-2-768x576.jpeg 768w\" sizes=\"auto, (max-width: 1280px) 100vw, 1280px\" \/><\/p>\n<p>Esteve presente no encontro o deputado federal Danilo Cabral (PSB) que \u00e9 pr\u00e9-candidato \u00e0 C\u00e2mara dos Deputados e que tem uma grande influ\u00eancia no atual governo do prefeito Ricardo. Segundo o prefeito, a pr\u00e9-candidata j\u00e1 chega trazendo boas indica\u00e7\u00f5es para Salo\u00e1, j\u00e1 que o Munic\u00edpio sempre foi atendido em v\u00e1rios pleitos quando o seu pai Z\u00e9 Mendon\u00e7a era deputado e tamb\u00e9m seu irm\u00e3o Mendon\u00e7a Filho.<\/p>\n<p><img loading=\"lazy\" decoding=\"async\" width=\"1280\" height=\"960\" class=\"aligncenter size-full wp-image-4480\" src=\"https:\/\/saloanoticias.com\/v1\/wp-content\/uploads\/2018\/07\/andrea-mendoca-saloa-1.jpeg\" alt=\"\" srcset=\"https:\/\/www.saloanoticias.com\/v1\/wp-content\/uploads\/2018\/07\/andrea-mendoca-saloa-1.jpeg 1280w, https:\/\/www.saloanoticias.com\/v1\/wp-content\/uploads\/2018\/07\/andrea-mendoca-saloa-1-300x225.jpeg 300w, https:\/\/www.saloanoticias.com\/v1\/wp-content\/uploads\/2018\/07\/andrea-mendoca-saloa-1-1024x768.jpeg 1024w, https:\/\/www.saloanoticias.com\/v1\/wp-content\/uploads\/2018\/07\/andrea-mendoca-saloa-1-768x576.jpeg 768w\" sizes=\"auto, (max-width: 1280px) 100vw, 1280px\" \/><\/p>\n<p>Todos os presentes a esta reuni\u00e3o puderam opinar sobre a indica\u00e7\u00e3o da herdeira pol\u00edtica da fam\u00edlia Mendon\u00e7a e se disseram satisfeitos com o nome apresentado. Com essa decis\u00e3o a chapa dos situacionistas em Salo\u00e1 fica fechada com o apoio ao governador Paulo C\u00e2mara, Danilo Cabral para deputado federal e Andr\u00e9a Mendon\u00e7a para deputada estadual. Andr\u00e9a tem 53 anos e \u00e9 natural da vizinha cidade de Belo Jardim no Agreste pernambucano.<\/p>\n<p><img loading=\"lazy\" decoding=\"async\" width=\"1280\" height=\"960\" class=\"aligncenter size-full wp-image-4481\" src=\"https:\/\/saloanoticias.com\/v1\/wp-content\/uploads\/2018\/07\/andrea-mendoca-saloa-3.jpeg\" alt=\"\" srcset=\"https:\/\/www.saloanoticias.com\/v1\/wp-content\/uploads\/2018\/07\/andrea-mendoca-saloa-3.jpeg 1280w, https:\/\/www.saloanoticias.com\/v1\/wp-content\/uploads\/2018\/07\/andrea-mendoca-saloa-3-300x225.jpeg 300w, https:\/\/www.saloanoticias.com\/v1\/wp-content\/uploads\/2018\/07\/andrea-mendoca-saloa-3-1024x768.jpeg 1024w, https:\/\/www.saloanoticias.com\/v1\/wp-content\/uploads\/2018\/07\/andrea-mendoca-saloa-3-768x576.jpeg 768w\" sizes=\"auto, (max-width: 1280px) 100vw, 1280px\" \/><\/p>\n<div style=\"margin-top: 0px; margin-bottom: 0px;\" class=\"sharethis-inline-share-buttons\" ><\/div>","protected":false},"excerpt":{"rendered":"<p>O grupo da situa\u00e7\u00e3o em Salo\u00e1 que \u00e9 liderado pelo prefeito Ricardo Alves (MDB) vai apoiar a pr\u00e9-candidata Andr\u00e9a Mendon\u00e7a a uma vaga na ALEPE \u2013 Assembleia Legislativa do Estado de Pernambuco. O an\u00fancio foi feito na tarde deste s\u00e1bado, dia 28 de julho na resid\u00eancia do gestor municipal depois de uma conversa com vereadores, [&hellip;]<\/p>\n","protected":false},"author":2,"featured_media":4475,"comment_status":"open","ping_status":"open","sticky":false,"template":"","format":"standard","meta":{"footnotes":""},"categories":[2],"tags":[],"class_list":["post-4471","post","type-post","status-publish","format-standard","has-post-thumbnail","hentry","category-noticias-do-dia"],"_links":{"self":[{"href":"https:\/\/www.saloanoticias.com\/v1\/wp-json\/wp\/v2\/posts\/4471","targetHints":{"allow":["GET"]}}],"collection":[{"href":"https:\/\/www.saloanoticias.com\/v1\/wp-json\/wp\/v2\/posts"}],"about":[{"href":"https:\/\/www.saloanoticias.com\/v1\/wp-json\/wp\/v2\/types\/post"}],"author":[{"embeddable":true,"href":"https:\/\/www.saloanoticias.com\/v1\/wp-json\/wp\/v2\/users\/2"}],"replies":[{"embeddable":true,"href":"https:\/\/www.saloanoticias.com\/v1\/wp-json\/wp\/v2\/comments?post=4471"}],"version-history":[{"count":8,"href":"https:\/\/www.saloanoticias.com\/v1\/wp-json\/wp\/v2\/posts\/4471\/revisions"}],"predecessor-version":[{"id":4484,"href":"https:\/\/www.saloanoticias.com\/v1\/wp-json\/wp\/v2\/posts\/4471\/revisions\/4484"}],"wp:featuredmedia":[{"embeddable":true,"href":"https:\/\/www.saloanoticias.com\/v1\/wp-json\/wp\/v2\/media\/4475"}],"wp:attachment":[{"href":"https:\/\/www.saloanoticias.com\/v1\/wp-json\/wp\/v2\/media?parent=4471"}],"wp:term":[{"taxonomy":"category","embeddable":true,"href":"https:\/\/www.saloanoticias.com\/v1\/wp-json\/wp\/v2\/categories?post=4471"},{"taxonomy":"post_tag","embeddable":true,"href":"https:\/\/www.saloanoticias.com\/v1\/wp-json\/wp\/v2\/tags?post=4471"}],"curies":[{"name":"wp","href":"https:\/\/api.w.org\/{rel}","templated":true}]}}