{"id":4442,"date":"2018-07-27T22:27:46","date_gmt":"2018-07-27T22:27:46","guid":{"rendered":"https:\/\/saloanoticias.com\/v1\/?p=4442"},"modified":"2018-07-27T22:32:58","modified_gmt":"2018-07-27T22:32:58","slug":"prefeito-de-saloa-faz-entrega-de-enxovais-a-gestantes-do-municipio","status":"publish","type":"post","link":"https:\/\/www.saloanoticias.com\/v1\/prefeito-de-saloa-faz-entrega-de-enxovais-a-gestantes-do-municipio\/","title":{"rendered":"PREFEITO DE SALO\u00c1 FAZ ENTREGA DE ENXOVAIS \u00c0 GESTANTES DO MUNIC\u00cdPIO"},"content":{"rendered":"<p class=\"m7147420235338669277gmail-msonospacing\" style=\"margin: 0cm; margin-bottom: .0001pt; text-align: justify; background: white;\"><span style=\"font-family: 'Arial','sans-serif'; color: #222222;\"><img loading=\"lazy\" decoding=\"async\" width=\"1600\" height=\"900\" class=\"aligncenter size-full wp-image-4443\" src=\"https:\/\/saloanoticias.com\/v1\/wp-content\/uploads\/2018\/07\/IMG_20180726_111326481_LL.jpg\" alt=\"\" srcset=\"https:\/\/www.saloanoticias.com\/v1\/wp-content\/uploads\/2018\/07\/IMG_20180726_111326481_LL.jpg 1600w, https:\/\/www.saloanoticias.com\/v1\/wp-content\/uploads\/2018\/07\/IMG_20180726_111326481_LL-300x169.jpg 300w, https:\/\/www.saloanoticias.com\/v1\/wp-content\/uploads\/2018\/07\/IMG_20180726_111326481_LL-1024x576.jpg 1024w, https:\/\/www.saloanoticias.com\/v1\/wp-content\/uploads\/2018\/07\/IMG_20180726_111326481_LL-768x432.jpg 768w, https:\/\/www.saloanoticias.com\/v1\/wp-content\/uploads\/2018\/07\/IMG_20180726_111326481_LL-1536x864.jpg 1536w\" sizes=\"auto, (max-width: 1600px) 100vw, 1600px\" \/>A Prefeitura de Salo\u00e1\/PE atrav\u00e9s da Secretaria de Assist\u00eancia Social e o \u201cProjeto Gerando Vidas\u201d entregou na manh\u00e3 da \u00faltima quinta feira (26\/07) 11 Kit\u2019s de enxovais \u00e0s gestantes que completaram 8 meses de gravidez contendo mais de 10 itens para os beb\u00eas. O Prefeito Ricardo Alves (MDB) foi quem realizou a entrega dos kit\u2019s a cada mam\u00e3e que ali se fez e falou da sua felicidade em saber que as gestantes do Munic\u00edpio est\u00e3o sendo bem acompanhadas.<\/span><\/p>\n<p><img loading=\"lazy\" decoding=\"async\" width=\"1600\" height=\"900\" class=\"aligncenter size-full wp-image-4444\" src=\"https:\/\/saloanoticias.com\/v1\/wp-content\/uploads\/2018\/07\/IMG_20180726_112023287.jpg\" alt=\"\" srcset=\"https:\/\/www.saloanoticias.com\/v1\/wp-content\/uploads\/2018\/07\/IMG_20180726_112023287.jpg 1600w, https:\/\/www.saloanoticias.com\/v1\/wp-content\/uploads\/2018\/07\/IMG_20180726_112023287-300x169.jpg 300w, https:\/\/www.saloanoticias.com\/v1\/wp-content\/uploads\/2018\/07\/IMG_20180726_112023287-1024x576.jpg 1024w, https:\/\/www.saloanoticias.com\/v1\/wp-content\/uploads\/2018\/07\/IMG_20180726_112023287-768x432.jpg 768w, https:\/\/www.saloanoticias.com\/v1\/wp-content\/uploads\/2018\/07\/IMG_20180726_112023287-1536x864.jpg 1536w\" sizes=\"auto, (max-width: 1600px) 100vw, 1600px\" \/><\/p>\n<p class=\"m7147420235338669277gmail-msonospacing\" style=\"margin: 0cm; margin-bottom: .0001pt; text-align: justify; background: white;\"><span style=\"font-family: 'Arial','sans-serif'; color: #222222;\">\u00a0<\/span><span style=\"font-family: 'Arial','sans-serif'; color: #222222;\">A Secretaria de Assist\u00eancia Social informa que as gestantes que desejarem participar do\u00a0\u201c<b>Programa Gerando Vidas\u201d<\/b>\u00a0precisam est\u00e1 com o Pr\u00e9 Natal em dia, e para se cadastrar no programa \u00e9 s\u00f3 procurar o CRAS localizado na Pra\u00e7a S\u00e3o Vicente (antiga casa de Rivaldo). Essa \u00e9 mais uma a\u00e7\u00e3o do governo que visa trazer mais qualidade de vida para a popula\u00e7\u00e3o.<\/span><\/p>\n<p><img loading=\"lazy\" decoding=\"async\" width=\"1600\" height=\"900\" class=\"aligncenter size-full wp-image-4445\" src=\"https:\/\/saloanoticias.com\/v1\/wp-content\/uploads\/2018\/07\/IMG_20180726_084822989.jpg\" alt=\"\" srcset=\"https:\/\/www.saloanoticias.com\/v1\/wp-content\/uploads\/2018\/07\/IMG_20180726_084822989.jpg 1600w, https:\/\/www.saloanoticias.com\/v1\/wp-content\/uploads\/2018\/07\/IMG_20180726_084822989-300x169.jpg 300w, https:\/\/www.saloanoticias.com\/v1\/wp-content\/uploads\/2018\/07\/IMG_20180726_084822989-1024x576.jpg 1024w, https:\/\/www.saloanoticias.com\/v1\/wp-content\/uploads\/2018\/07\/IMG_20180726_084822989-768x432.jpg 768w, https:\/\/www.saloanoticias.com\/v1\/wp-content\/uploads\/2018\/07\/IMG_20180726_084822989-1536x864.jpg 1536w\" sizes=\"auto, (max-width: 1600px) 100vw, 1600px\" \/><\/p>\n<p class=\"m7131457447008196630gmail-msonospacing\" style=\"margin: 0cm; margin-bottom: .0001pt; text-align: justify; background: white;\"><span style=\"font-family: 'Calibri','sans-serif'; color: #222222;\">\u00a0<\/span><\/p>\n<div style=\"margin-top: 0px; margin-bottom: 0px;\" class=\"sharethis-inline-share-buttons\" ><\/div>","protected":false},"excerpt":{"rendered":"<p>A Prefeitura de Salo\u00e1\/PE atrav\u00e9s da Secretaria de Assist\u00eancia Social e o \u201cProjeto Gerando Vidas\u201d entregou na manh\u00e3 da \u00faltima quinta feira (26\/07) 11 Kit\u2019s de enxovais \u00e0s gestantes que completaram 8 meses de gravidez contendo mais de 10 itens para os beb\u00eas. O Prefeito Ricardo Alves (MDB) foi quem realizou a entrega dos kit\u2019s [&hellip;]<\/p>\n","protected":false},"author":2,"featured_media":4443,"comment_status":"open","ping_status":"open","sticky":false,"template":"","format":"standard","meta":{"footnotes":""},"categories":[2],"tags":[],"class_list":["post-4442","post","type-post","status-publish","format-standard","has-post-thumbnail","hentry","category-noticias-do-dia"],"_links":{"self":[{"href":"https:\/\/www.saloanoticias.com\/v1\/wp-json\/wp\/v2\/posts\/4442","targetHints":{"allow":["GET"]}}],"collection":[{"href":"https:\/\/www.saloanoticias.com\/v1\/wp-json\/wp\/v2\/posts"}],"about":[{"href":"https:\/\/www.saloanoticias.com\/v1\/wp-json\/wp\/v2\/types\/post"}],"author":[{"embeddable":true,"href":"https:\/\/www.saloanoticias.com\/v1\/wp-json\/wp\/v2\/users\/2"}],"replies":[{"embeddable":true,"href":"https:\/\/www.saloanoticias.com\/v1\/wp-json\/wp\/v2\/comments?post=4442"}],"version-history":[{"count":3,"href":"https:\/\/www.saloanoticias.com\/v1\/wp-json\/wp\/v2\/posts\/4442\/revisions"}],"predecessor-version":[{"id":4450,"href":"https:\/\/www.saloanoticias.com\/v1\/wp-json\/wp\/v2\/posts\/4442\/revisions\/4450"}],"wp:featuredmedia":[{"embeddable":true,"href":"https:\/\/www.saloanoticias.com\/v1\/wp-json\/wp\/v2\/media\/4443"}],"wp:attachment":[{"href":"https:\/\/www.saloanoticias.com\/v1\/wp-json\/wp\/v2\/media?parent=4442"}],"wp:term":[{"taxonomy":"category","embeddable":true,"href":"https:\/\/www.saloanoticias.com\/v1\/wp-json\/wp\/v2\/categories?post=4442"},{"taxonomy":"post_tag","embeddable":true,"href":"https:\/\/www.saloanoticias.com\/v1\/wp-json\/wp\/v2\/tags?post=4442"}],"curies":[{"name":"wp","href":"https:\/\/api.w.org\/{rel}","templated":true}]}}