{"id":4435,"date":"2018-07-27T00:09:55","date_gmt":"2018-07-27T00:09:55","guid":{"rendered":"https:\/\/saloanoticias.com\/v1\/?p=4435"},"modified":"2018-07-27T22:30:11","modified_gmt":"2018-07-27T22:30:11","slug":"sindicato-dos-agricultores-de-saloa-realiza-festa-do-agricultor-no-proximo-sabado","status":"publish","type":"post","link":"https:\/\/www.saloanoticias.com\/v1\/sindicato-dos-agricultores-de-saloa-realiza-festa-do-agricultor-no-proximo-sabado\/","title":{"rendered":"SINDICATO DOS AGRICULTORES DE SALO\u00c1 REALIZA FESTA DO AGRICULTOR NO PR\u00d3XIMO S\u00c1BADO"},"content":{"rendered":"<p class=\"m7131457447008196630gmail-msonospacing\" style=\"margin: 0cm; margin-bottom: .0001pt; text-align: justify; background: white;\"><span style=\"font-family: 'Arial','sans-serif'; color: #222222;\"><img loading=\"lazy\" decoding=\"async\" width=\"1600\" height=\"900\" class=\"aligncenter size-full wp-image-4439\" src=\"https:\/\/saloanoticias.com\/v1\/wp-content\/uploads\/2018\/07\/diretoria-str-salo\u00e1-1-1.jpg\" alt=\"\" srcset=\"https:\/\/www.saloanoticias.com\/v1\/wp-content\/uploads\/2018\/07\/diretoria-str-salo\u00e1-1-1.jpg 1600w, https:\/\/www.saloanoticias.com\/v1\/wp-content\/uploads\/2018\/07\/diretoria-str-salo\u00e1-1-1-300x169.jpg 300w, https:\/\/www.saloanoticias.com\/v1\/wp-content\/uploads\/2018\/07\/diretoria-str-salo\u00e1-1-1-1024x576.jpg 1024w, https:\/\/www.saloanoticias.com\/v1\/wp-content\/uploads\/2018\/07\/diretoria-str-salo\u00e1-1-1-768x432.jpg 768w, https:\/\/www.saloanoticias.com\/v1\/wp-content\/uploads\/2018\/07\/diretoria-str-salo\u00e1-1-1-1536x864.jpg 1536w\" sizes=\"auto, (max-width: 1600px) 100vw, 1600px\" \/><\/span><\/p>\n<p class=\"m7131457447008196630gmail-msonospacing\" style=\"margin: 0cm; margin-bottom: .0001pt; text-align: justify; background: white;\"><span style=\"font-family: 'Arial','sans-serif'; color: #222222;\">O STR \u2013 Sindicato dos Trabalhadores Rurais da cidade de Salo\u00e1\/PE, convida todos os agricultores e a sociedade em geral para participarem da Festa do Agricultor que ser\u00e1 realizada no pr\u00f3ximo s\u00e1bado, dia 28 de julho de 2018 na sede do STR que fica \u00e0s margens da PE 216. O evento contar\u00e1 com a presen\u00e7a de v\u00e1rias autoridades municipais e estaduais, dentre elas o deputado federal Danilo Cabral (PSB).<\/span><\/p>\n<p class=\"m7131457447008196630gmail-msonospacing\" style=\"margin: 0cm; margin-bottom: .0001pt; text-align: justify; background: white;\"><span style=\"font-family: 'Arial','sans-serif'; color: #222222;\">\u00a0<\/span><\/p>\n<p class=\"m7131457447008196630gmail-msonospacing\" style=\"margin: 0cm; margin-bottom: .0001pt; text-align: justify; background: white;\"><span style=\"font-family: 'Arial','sans-serif'; color: #222222;\">O prefeito Ricardo tamb\u00e9m confirmou presen\u00e7a ao lado de vereadores e secret\u00e1rios. V\u00e1rios artistas animar\u00e3o evento, como \u00e9 o caso da dupla sertaneja Beto Viola e Vieirinha, cantor evang\u00e9lico Armand\u00e3o e a mais nova dupla George e Gess\u00e9. Neste mesmo dia haver\u00e1 sorteios de brindes e no encerramento todos ser\u00e3o presenteados com um almo\u00e7o.<\/span><\/p>\n<p class=\"m7131457447008196630gmail-msonospacing\" style=\"margin: 0cm; margin-bottom: .0001pt; text-align: justify; background: white;\"><span style=\"font-family: 'Arial','sans-serif'; color: #222222;\">\u00a0<\/span><\/p>\n<p class=\"m7131457447008196630gmail-msonospacing\" style=\"margin: 0cm; margin-bottom: .0001pt; text-align: justify; background: white;\"><span style=\"font-family: 'Arial','sans-serif'; color: #222222;\">A Festa do Agricultor da cidade de Salo\u00e1 ter\u00e1 o patroc\u00ednio de Danilo Cabral, do prefeito Ricardo e das \u00d3ticas Diniz. Todo o evento tem a organiza\u00e7\u00e3o do presidente Jos\u00e9 Ferreira da Silva (Z\u00e9 do Padre) e da diretoria do STR.<\/span><\/p>\n<div style=\"margin-top: 0px; margin-bottom: 0px;\" class=\"sharethis-inline-share-buttons\" ><\/div>","protected":false},"excerpt":{"rendered":"<p>O STR \u2013 Sindicato dos Trabalhadores Rurais da cidade de Salo\u00e1\/PE, convida todos os agricultores e a sociedade em geral para participarem da Festa do Agricultor que ser\u00e1 realizada no pr\u00f3ximo s\u00e1bado, dia 28 de julho de 2018 na sede do STR que fica \u00e0s margens da PE 216. O evento contar\u00e1 com a presen\u00e7a [&hellip;]<\/p>\n","protected":false},"author":2,"featured_media":4439,"comment_status":"open","ping_status":"open","sticky":false,"template":"","format":"standard","meta":{"footnotes":""},"categories":[2],"tags":[],"class_list":["post-4435","post","type-post","status-publish","format-standard","has-post-thumbnail","hentry","category-noticias-do-dia"],"_links":{"self":[{"href":"https:\/\/www.saloanoticias.com\/v1\/wp-json\/wp\/v2\/posts\/4435","targetHints":{"allow":["GET"]}}],"collection":[{"href":"https:\/\/www.saloanoticias.com\/v1\/wp-json\/wp\/v2\/posts"}],"about":[{"href":"https:\/\/www.saloanoticias.com\/v1\/wp-json\/wp\/v2\/types\/post"}],"author":[{"embeddable":true,"href":"https:\/\/www.saloanoticias.com\/v1\/wp-json\/wp\/v2\/users\/2"}],"replies":[{"embeddable":true,"href":"https:\/\/www.saloanoticias.com\/v1\/wp-json\/wp\/v2\/comments?post=4435"}],"version-history":[{"count":5,"href":"https:\/\/www.saloanoticias.com\/v1\/wp-json\/wp\/v2\/posts\/4435\/revisions"}],"predecessor-version":[{"id":4449,"href":"https:\/\/www.saloanoticias.com\/v1\/wp-json\/wp\/v2\/posts\/4435\/revisions\/4449"}],"wp:featuredmedia":[{"embeddable":true,"href":"https:\/\/www.saloanoticias.com\/v1\/wp-json\/wp\/v2\/media\/4439"}],"wp:attachment":[{"href":"https:\/\/www.saloanoticias.com\/v1\/wp-json\/wp\/v2\/media?parent=4435"}],"wp:term":[{"taxonomy":"category","embeddable":true,"href":"https:\/\/www.saloanoticias.com\/v1\/wp-json\/wp\/v2\/categories?post=4435"},{"taxonomy":"post_tag","embeddable":true,"href":"https:\/\/www.saloanoticias.com\/v1\/wp-json\/wp\/v2\/tags?post=4435"}],"curies":[{"name":"wp","href":"https:\/\/api.w.org\/{rel}","templated":true}]}}