{"id":4419,"date":"2018-07-26T00:35:40","date_gmt":"2018-07-26T00:35:40","guid":{"rendered":"https:\/\/saloanoticias.com\/v1\/?p=4419"},"modified":"2018-07-26T00:40:42","modified_gmt":"2018-07-26T00:40:42","slug":"saloa-representa-o-estado-de-pernambuco-em-congresso-nacional-de-secretarias-municipais-de-saude","status":"publish","type":"post","link":"https:\/\/www.saloanoticias.com\/v1\/saloa-representa-o-estado-de-pernambuco-em-congresso-nacional-de-secretarias-municipais-de-saude\/","title":{"rendered":"SALO\u00c1 REPRESENTA O ESTADO DE PERNAMBUCO EM CONGRESSO NACIONAL DE SECRETARIAS MUNICIPAIS DE SA\u00daDE"},"content":{"rendered":"<p style=\"text-align: justify; background: white; margin: 13.6pt 0cm 13.6pt 0cm;\"><span style=\"font-family: 'Arial','sans-serif'; color: black; background: white;\"><img loading=\"lazy\" decoding=\"async\" class=\" wp-image-4420 alignleft\" src=\"https:\/\/saloanoticias.com\/v1\/wp-content\/uploads\/2018\/07\/Agua-para-Todos.jpg\" alt=\"\" width=\"408\" height=\"295\" srcset=\"https:\/\/www.saloanoticias.com\/v1\/wp-content\/uploads\/2018\/07\/Agua-para-Todos.jpg 353w, https:\/\/www.saloanoticias.com\/v1\/wp-content\/uploads\/2018\/07\/Agua-para-Todos-300x217.jpg 300w\" sizes=\"auto, (max-width: 408px) 100vw, 408px\" \/>A Secretaria Municipal de Sa\u00fade de Salo\u00e1, representou o Estado de Pernambuco no XXXIV Congresso Nacional de Secretarias Municipais de Sa\u00fade por trabalho inovador de tratamento de \u00e1gua, com o tema:\u00a0<b>\u00c1gua para consumo humano: Sistemas Alternativos para tratamento desenvolvidos no munic\u00edpio de Salo\u00e1\/PE\u201d.<\/b><\/span><\/p>\n<p class=\"m7257785098789305131gmail-msonospacing\" style=\"margin: 0cm; margin-bottom: .0001pt; text-align: start; background: white; font-variant-ligatures: normal; font-variant-caps: normal; orphans: 2; widows: 2; -webkit-text-stroke-width: 0px; text-decoration-style: initial; text-decoration-color: initial; word-spacing: 0px;\"><span style=\"font-family: 'Arial','sans-serif'; color: black; background: white;\">Relembre: S<\/span><span style=\"font-family: 'Arial','sans-serif'; color: #222222;\">alo\u00e1 ganhou o primeiro lugar na mostra competitiva do Semin\u00e1rio de Experi\u00eancias e Inova\u00e7\u00f5es da Vigil\u00e2ncia em Sa\u00fade de Pernambuco, realizado em Recife de 19 a 21 de junho. O trabalho \u201c\u00c1gua para consumo humano: Sistemas Alternativos para tratamento desenvolvidos no munic\u00edpio de Salo\u00e1-PE\u201d disputou com outros 119 trabalhos e saiu como grande vencedor.<\/span><\/p>\n<p><img loading=\"lazy\" decoding=\"async\" width=\"1024\" height=\"426\" class=\"aligncenter size-full wp-image-4421\" src=\"https:\/\/saloanoticias.com\/v1\/wp-content\/uploads\/2018\/07\/logo.congresso.conasems.-final-1024x426-1.png\" alt=\"\" srcset=\"https:\/\/www.saloanoticias.com\/v1\/wp-content\/uploads\/2018\/07\/logo.congresso.conasems.-final-1024x426-1.png 1024w, https:\/\/www.saloanoticias.com\/v1\/wp-content\/uploads\/2018\/07\/logo.congresso.conasems.-final-1024x426-1-300x125.png 300w, https:\/\/www.saloanoticias.com\/v1\/wp-content\/uploads\/2018\/07\/logo.congresso.conasems.-final-1024x426-1-768x320.png 768w\" sizes=\"auto, (max-width: 1024px) 100vw, 1024px\" \/><\/p>\n<p class=\"m7257785098789305131gmail-msonospacing\" style=\"margin: 0cm; margin-bottom: .0001pt; text-align: start; background: white; font-variant-ligatures: normal; font-variant-caps: normal; orphans: 2; widows: 2; -webkit-text-stroke-width: 0px; text-decoration-style: initial; text-decoration-color: initial; word-spacing: 0px;\"><span style=\"font-family: 'Arial','sans-serif'; color: #222222;\">\u00a0<\/span><\/p>\n<p class=\"m7257785098789305131gmail-msonospacing\" style=\"margin: 0cm; margin-bottom: .0001pt; text-align: start; background: white; font-variant-ligatures: normal; font-variant-caps: normal; orphans: 2; widows: 2; -webkit-text-stroke-width: 0px; text-decoration-style: initial; text-decoration-color: initial; word-spacing: 0px;\"><span style=\"font-family: 'Arial','sans-serif'; color: #222222;\">A a\u00e7\u00e3o realizada na zona rural de Salo\u00e1, sob a coordena\u00e7\u00e3o de Andr\u00e9 Amaral Herculano e Paulo S\u00e9rgio Soares, consiste em garantir \u00e1gua de qualidade e colaborar com a sa\u00fade p\u00fablica atrav\u00e9s de sistemas alternativos de tratamento de baixo custo e de grande efic\u00e1cia.<\/span><\/p>\n<div style=\"margin-top: 0px; margin-bottom: 0px;\" class=\"sharethis-inline-share-buttons\" ><\/div>","protected":false},"excerpt":{"rendered":"<p>A Secretaria Municipal de Sa\u00fade de Salo\u00e1, representou o Estado de Pernambuco no XXXIV Congresso Nacional de Secretarias Municipais de Sa\u00fade por trabalho inovador de tratamento de \u00e1gua, com o tema:\u00a0\u00c1gua para consumo humano: Sistemas Alternativos para tratamento desenvolvidos no munic\u00edpio de Salo\u00e1\/PE\u201d. Relembre: Salo\u00e1 ganhou o primeiro lugar na mostra competitiva do Semin\u00e1rio de [&hellip;]<\/p>\n","protected":false},"author":2,"featured_media":4421,"comment_status":"open","ping_status":"open","sticky":false,"template":"","format":"standard","meta":{"footnotes":""},"categories":[2],"tags":[],"class_list":["post-4419","post","type-post","status-publish","format-standard","has-post-thumbnail","hentry","category-noticias-do-dia"],"_links":{"self":[{"href":"https:\/\/www.saloanoticias.com\/v1\/wp-json\/wp\/v2\/posts\/4419","targetHints":{"allow":["GET"]}}],"collection":[{"href":"https:\/\/www.saloanoticias.com\/v1\/wp-json\/wp\/v2\/posts"}],"about":[{"href":"https:\/\/www.saloanoticias.com\/v1\/wp-json\/wp\/v2\/types\/post"}],"author":[{"embeddable":true,"href":"https:\/\/www.saloanoticias.com\/v1\/wp-json\/wp\/v2\/users\/2"}],"replies":[{"embeddable":true,"href":"https:\/\/www.saloanoticias.com\/v1\/wp-json\/wp\/v2\/comments?post=4419"}],"version-history":[{"count":3,"href":"https:\/\/www.saloanoticias.com\/v1\/wp-json\/wp\/v2\/posts\/4419\/revisions"}],"predecessor-version":[{"id":4424,"href":"https:\/\/www.saloanoticias.com\/v1\/wp-json\/wp\/v2\/posts\/4419\/revisions\/4424"}],"wp:featuredmedia":[{"embeddable":true,"href":"https:\/\/www.saloanoticias.com\/v1\/wp-json\/wp\/v2\/media\/4421"}],"wp:attachment":[{"href":"https:\/\/www.saloanoticias.com\/v1\/wp-json\/wp\/v2\/media?parent=4419"}],"wp:term":[{"taxonomy":"category","embeddable":true,"href":"https:\/\/www.saloanoticias.com\/v1\/wp-json\/wp\/v2\/categories?post=4419"},{"taxonomy":"post_tag","embeddable":true,"href":"https:\/\/www.saloanoticias.com\/v1\/wp-json\/wp\/v2\/tags?post=4419"}],"curies":[{"name":"wp","href":"https:\/\/api.w.org\/{rel}","templated":true}]}}