{"id":4410,"date":"2018-07-25T01:07:15","date_gmt":"2018-07-25T01:07:15","guid":{"rendered":"https:\/\/saloanoticias.com\/v1\/?p=4410"},"modified":"2018-07-25T01:15:26","modified_gmt":"2018-07-25T01:15:26","slug":"eleicao-para-governador-mapa-de-apoios-dos-prefeitos-do-agreste-meridional","status":"publish","type":"post","link":"https:\/\/www.saloanoticias.com\/v1\/eleicao-para-governador-mapa-de-apoios-dos-prefeitos-do-agreste-meridional\/","title":{"rendered":"ELEI\u00c7\u00c3O PARA GOVERNADOR: MAPA DE APOIO DOS PREFEITOS DO AGRESTE MERIDIONAL"},"content":{"rendered":"<p><img loading=\"lazy\" decoding=\"async\" width=\"1140\" height=\"620\" class=\"aligncenter size-full wp-image-4415\" src=\"https:\/\/saloanoticias.com\/v1\/wp-content\/uploads\/2018\/07\/2-pesquisa-governador-2.jpg\" alt=\"\" srcset=\"https:\/\/www.saloanoticias.com\/v1\/wp-content\/uploads\/2018\/07\/2-pesquisa-governador-2.jpg 1140w, https:\/\/www.saloanoticias.com\/v1\/wp-content\/uploads\/2018\/07\/2-pesquisa-governador-2-300x163.jpg 300w, https:\/\/www.saloanoticias.com\/v1\/wp-content\/uploads\/2018\/07\/2-pesquisa-governador-2-1024x557.jpg 1024w, https:\/\/www.saloanoticias.com\/v1\/wp-content\/uploads\/2018\/07\/2-pesquisa-governador-2-768x418.jpg 768w\" sizes=\"auto, (max-width: 1140px) 100vw, 1140px\" \/>Faltando menos de um m\u00eas para o in\u00edcio da Campanha Eleitoral, o Di\u00e1rio de Pernambuco conversou com lideran\u00e7as dos munic\u00edpios do Agreste Meridional sobre as elei\u00e7\u00f5es 2018, e quem eles apoiariam para Governador, e fizeram um mapa dos 26 munic\u00edpios. De acordo com as observa\u00e7\u00f5es do DP, dos 26 Munic\u00edpios que integram o Agreste Meridional, em 21 deles os Prefeitos sinalizam que votar\u00e3o e pedir\u00e3o votos para o\u00a0<strong>Governador Paulo C\u00e2mara (PSB)<\/strong>, que disputar\u00e1 a reelei\u00e7\u00e3o.<\/p>\n<p><img loading=\"lazy\" decoding=\"async\" class=\"aligncenter wp-image-4416\" src=\"https:\/\/saloanoticias.com\/v1\/wp-content\/uploads\/2018\/07\/agreste.jpg\" alt=\"\" width=\"1100\" height=\"943\" srcset=\"https:\/\/www.saloanoticias.com\/v1\/wp-content\/uploads\/2018\/07\/agreste.jpg 630w, https:\/\/www.saloanoticias.com\/v1\/wp-content\/uploads\/2018\/07\/agreste-300x257.jpg 300w\" sizes=\"auto, (max-width: 1100px) 100vw, 1100px\" \/><\/p>\n<p>Outros tr\u00eas, Iza\u00edas R\u00e9gis (Garanhuns); Regina da Sa\u00fade (Ita\u00edba) e Felipe Porto (Canhotinho) cravaram que apoiam o senador\u00a0<strong>Armando Monteiro (PTB)<\/strong>, enquanto que Luiz Aroldo (PT), de \u00c1guas Belas, vai esperar a defini\u00e7\u00e3o do PT; e Armando Duarte (PTB), de Caet\u00e9s, ainda n\u00e3o se definiu quanto a disputa. <em>Com informa\u00e7\u00f5es dos Blogs Salo\u00e1 News, Carlos Eug\u00eanio e Di\u00e1rio de Pernambuco<\/em><\/p>\n<div style=\"margin-top: 0px; margin-bottom: 0px;\" class=\"sharethis-inline-share-buttons\" ><\/div>","protected":false},"excerpt":{"rendered":"<p>Faltando menos de um m\u00eas para o in\u00edcio da Campanha Eleitoral, o Di\u00e1rio de Pernambuco conversou com lideran\u00e7as dos munic\u00edpios do Agreste Meridional sobre as elei\u00e7\u00f5es 2018, e quem eles apoiariam para Governador, e fizeram um mapa dos 26 munic\u00edpios. De acordo com as observa\u00e7\u00f5es do DP, dos 26 Munic\u00edpios que integram o Agreste Meridional, [&hellip;]<\/p>\n","protected":false},"author":2,"featured_media":4415,"comment_status":"open","ping_status":"open","sticky":false,"template":"","format":"standard","meta":{"footnotes":""},"categories":[2],"tags":[],"class_list":["post-4410","post","type-post","status-publish","format-standard","has-post-thumbnail","hentry","category-noticias-do-dia"],"_links":{"self":[{"href":"https:\/\/www.saloanoticias.com\/v1\/wp-json\/wp\/v2\/posts\/4410","targetHints":{"allow":["GET"]}}],"collection":[{"href":"https:\/\/www.saloanoticias.com\/v1\/wp-json\/wp\/v2\/posts"}],"about":[{"href":"https:\/\/www.saloanoticias.com\/v1\/wp-json\/wp\/v2\/types\/post"}],"author":[{"embeddable":true,"href":"https:\/\/www.saloanoticias.com\/v1\/wp-json\/wp\/v2\/users\/2"}],"replies":[{"embeddable":true,"href":"https:\/\/www.saloanoticias.com\/v1\/wp-json\/wp\/v2\/comments?post=4410"}],"version-history":[{"count":4,"href":"https:\/\/www.saloanoticias.com\/v1\/wp-json\/wp\/v2\/posts\/4410\/revisions"}],"predecessor-version":[{"id":4418,"href":"https:\/\/www.saloanoticias.com\/v1\/wp-json\/wp\/v2\/posts\/4410\/revisions\/4418"}],"wp:featuredmedia":[{"embeddable":true,"href":"https:\/\/www.saloanoticias.com\/v1\/wp-json\/wp\/v2\/media\/4415"}],"wp:attachment":[{"href":"https:\/\/www.saloanoticias.com\/v1\/wp-json\/wp\/v2\/media?parent=4410"}],"wp:term":[{"taxonomy":"category","embeddable":true,"href":"https:\/\/www.saloanoticias.com\/v1\/wp-json\/wp\/v2\/categories?post=4410"},{"taxonomy":"post_tag","embeddable":true,"href":"https:\/\/www.saloanoticias.com\/v1\/wp-json\/wp\/v2\/tags?post=4410"}],"curies":[{"name":"wp","href":"https:\/\/api.w.org\/{rel}","templated":true}]}}