{"id":4403,"date":"2018-07-24T15:56:48","date_gmt":"2018-07-24T15:56:48","guid":{"rendered":"https:\/\/saloanoticias.com\/v1\/?p=4403"},"modified":"2018-07-24T16:02:19","modified_gmt":"2018-07-24T16:02:19","slug":"prefeitura-de-saloa-realiza-terraplanagem-no-loteamento-jose-alves-bezerra","status":"publish","type":"post","link":"https:\/\/www.saloanoticias.com\/v1\/prefeitura-de-saloa-realiza-terraplanagem-no-loteamento-jose-alves-bezerra\/","title":{"rendered":"PREFEITURA DE SALO\u00c1 REALIZA TERRAPLANAGEM NO LOTEAMENTO JOS\u00c9 ALVES BEZERRA"},"content":{"rendered":"<p><img loading=\"lazy\" decoding=\"async\" width=\"800\" height=\"450\" class=\"aligncenter size-full wp-image-4404\" src=\"https:\/\/saloanoticias.com\/v1\/wp-content\/uploads\/2018\/07\/patrol-saloa.jpg\" alt=\"\" srcset=\"https:\/\/www.saloanoticias.com\/v1\/wp-content\/uploads\/2018\/07\/patrol-saloa.jpg 800w, https:\/\/www.saloanoticias.com\/v1\/wp-content\/uploads\/2018\/07\/patrol-saloa-300x169.jpg 300w, https:\/\/www.saloanoticias.com\/v1\/wp-content\/uploads\/2018\/07\/patrol-saloa-768x432.jpg 768w\" sizes=\"auto, (max-width: 800px) 100vw, 800px\" \/>A Prefeitura de Salo\u00e1\/PE, atrav\u00e9s da Secretaria de Obras e Urbanismo, realizou na manh\u00e3 desta ter\u00e7a feira (24\/07) a limpeza e terraplenagem no loteamento Jos\u00e9 Alves Bezerra (Cohab Nova). Na ocasi\u00e3o, foi feita tamb\u00e9m uma capinagem nas ruas, e em seguida a m\u00e1quina patrol concluiu a terraplenagem. Segundo o respons\u00e1vel pelos servi\u00e7os, a a\u00e7\u00e3o \u00e9 muito importante, pois, al\u00e9m de deixar a cidade cada vez mais limpa, tamb\u00e9m evita a prolifera\u00e7\u00e3o do mosquito da dengue.<\/p>\n<p>Com uma a\u00e7\u00e3o dessas evita-se tamb\u00e9m que outras mazelas possam atingir a popula\u00e7\u00e3o, mas, \u00e9 importante ressaltar que as pessoas devem fazer a sua parte, n\u00e3o\u00a0 jogando lixo e entulhos em vias p\u00fablicas ou em terrenos baldios. Sendo assim, as donas de casas precisam ficar atentas para os dias de coleta de lixo que \u00e9 feita pela Prefeitura.<\/p>\n<div style=\"margin-top: 0px; margin-bottom: 0px;\" class=\"sharethis-inline-share-buttons\" ><\/div>","protected":false},"excerpt":{"rendered":"<p>A Prefeitura de Salo\u00e1\/PE, atrav\u00e9s da Secretaria de Obras e Urbanismo, realizou na manh\u00e3 desta ter\u00e7a feira (24\/07) a limpeza e terraplenagem no loteamento Jos\u00e9 Alves Bezerra (Cohab Nova). Na ocasi\u00e3o, foi feita tamb\u00e9m uma capinagem nas ruas, e em seguida a m\u00e1quina patrol concluiu a terraplenagem. Segundo o respons\u00e1vel pelos servi\u00e7os, a a\u00e7\u00e3o \u00e9 [&hellip;]<\/p>\n","protected":false},"author":2,"featured_media":4404,"comment_status":"open","ping_status":"open","sticky":false,"template":"","format":"standard","meta":{"footnotes":""},"categories":[2],"tags":[],"class_list":["post-4403","post","type-post","status-publish","format-standard","has-post-thumbnail","hentry","category-noticias-do-dia"],"_links":{"self":[{"href":"https:\/\/www.saloanoticias.com\/v1\/wp-json\/wp\/v2\/posts\/4403","targetHints":{"allow":["GET"]}}],"collection":[{"href":"https:\/\/www.saloanoticias.com\/v1\/wp-json\/wp\/v2\/posts"}],"about":[{"href":"https:\/\/www.saloanoticias.com\/v1\/wp-json\/wp\/v2\/types\/post"}],"author":[{"embeddable":true,"href":"https:\/\/www.saloanoticias.com\/v1\/wp-json\/wp\/v2\/users\/2"}],"replies":[{"embeddable":true,"href":"https:\/\/www.saloanoticias.com\/v1\/wp-json\/wp\/v2\/comments?post=4403"}],"version-history":[{"count":5,"href":"https:\/\/www.saloanoticias.com\/v1\/wp-json\/wp\/v2\/posts\/4403\/revisions"}],"predecessor-version":[{"id":4409,"href":"https:\/\/www.saloanoticias.com\/v1\/wp-json\/wp\/v2\/posts\/4403\/revisions\/4409"}],"wp:featuredmedia":[{"embeddable":true,"href":"https:\/\/www.saloanoticias.com\/v1\/wp-json\/wp\/v2\/media\/4404"}],"wp:attachment":[{"href":"https:\/\/www.saloanoticias.com\/v1\/wp-json\/wp\/v2\/media?parent=4403"}],"wp:term":[{"taxonomy":"category","embeddable":true,"href":"https:\/\/www.saloanoticias.com\/v1\/wp-json\/wp\/v2\/categories?post=4403"},{"taxonomy":"post_tag","embeddable":true,"href":"https:\/\/www.saloanoticias.com\/v1\/wp-json\/wp\/v2\/tags?post=4403"}],"curies":[{"name":"wp","href":"https:\/\/api.w.org\/{rel}","templated":true}]}}