{"id":4395,"date":"2018-07-24T13:12:28","date_gmt":"2018-07-24T13:12:28","guid":{"rendered":"https:\/\/saloanoticias.com\/v1\/?p=4395"},"modified":"2018-07-24T13:27:59","modified_gmt":"2018-07-24T13:27:59","slug":"justica-nega-liminar-para-apresentacao-de-peca-que-traz-jesus-transexual","status":"publish","type":"post","link":"https:\/\/www.saloanoticias.com\/v1\/justica-nega-liminar-para-apresentacao-de-peca-que-traz-jesus-transexual\/","title":{"rendered":"JUSTI\u00c7A NEGA LIMINAR DE APRESENTA\u00c7\u00c3O DA PE\u00c7A QUE TRAZ JESUS TRANSEXUAL"},"content":{"rendered":"<p><img loading=\"lazy\" decoding=\"async\" width=\"1600\" height=\"1192\" class=\"aligncenter size-full wp-image-4399\" src=\"https:\/\/saloanoticias.com\/v1\/wp-content\/uploads\/2018\/07\/forum-garanhuns-1.jpg\" alt=\"\" srcset=\"https:\/\/www.saloanoticias.com\/v1\/wp-content\/uploads\/2018\/07\/forum-garanhuns-1.jpg 1600w, https:\/\/www.saloanoticias.com\/v1\/wp-content\/uploads\/2018\/07\/forum-garanhuns-1-300x224.jpg 300w, https:\/\/www.saloanoticias.com\/v1\/wp-content\/uploads\/2018\/07\/forum-garanhuns-1-1024x763.jpg 1024w, https:\/\/www.saloanoticias.com\/v1\/wp-content\/uploads\/2018\/07\/forum-garanhuns-1-768x572.jpg 768w, https:\/\/www.saloanoticias.com\/v1\/wp-content\/uploads\/2018\/07\/forum-garanhuns-1-1536x1144.jpg 1536w\" sizes=\"auto, (max-width: 1600px) 100vw, 1600px\" \/>A Vara da Fazenda P\u00fablica de Garanhuns indeferiu nessa sexta-feira, dia 20, o pedido de\u00a0liminar impetrado pelo Minist\u00e9rio P\u00fablico de Pernambuco com o objetivo de obrigar o Estado a reincluir a pe\u00e7a \u201cO Evangelho segundo Jesus, Rainha do C\u00e9u\u201d, que traz uma atriz transsexual no papel de Jesus Cristo, na programa\u00e7\u00e3o do Festival de Inverno de Garanhuns deste ano.<\/p>\n<p>&#8220;O controle judicial sobre os atos da Administra\u00e7\u00e3o \u00e9 exclusivamente de legalidade, sendo que, no caso, a an\u00e1lise do cancelamento \u00e9 m\u00e9rito administrativo. Assim, o cancelamento da pe\u00e7a teatral em quest\u00e3o com fulcro em crit\u00e9rios que traduzem o princ\u00edpio do respeito ao sentimento religioso da comunidade, a meu ver, n\u00e3o afronta o princ\u00edpio da dignidade humana&#8221;, registrou o Juiz de Direito, En\u00e9as Oliveira da Rocha, em sua decis\u00e3o. <em>Fonte: Blog do Carlos Eug\u00eanio<\/em><\/p>\n<div style=\"margin-top: 0px; margin-bottom: 0px;\" class=\"sharethis-inline-share-buttons\" ><\/div>","protected":false},"excerpt":{"rendered":"<p>A Vara da Fazenda P\u00fablica de Garanhuns indeferiu nessa sexta-feira, dia 20, o pedido de\u00a0liminar impetrado pelo Minist\u00e9rio P\u00fablico de Pernambuco com o objetivo de obrigar o Estado a reincluir a pe\u00e7a \u201cO Evangelho segundo Jesus, Rainha do C\u00e9u\u201d, que traz uma atriz transsexual no papel de Jesus Cristo, na programa\u00e7\u00e3o do Festival de Inverno [&hellip;]<\/p>\n","protected":false},"author":2,"featured_media":4399,"comment_status":"open","ping_status":"open","sticky":false,"template":"","format":"standard","meta":{"footnotes":""},"categories":[2],"tags":[],"class_list":["post-4395","post","type-post","status-publish","format-standard","has-post-thumbnail","hentry","category-noticias-do-dia"],"_links":{"self":[{"href":"https:\/\/www.saloanoticias.com\/v1\/wp-json\/wp\/v2\/posts\/4395","targetHints":{"allow":["GET"]}}],"collection":[{"href":"https:\/\/www.saloanoticias.com\/v1\/wp-json\/wp\/v2\/posts"}],"about":[{"href":"https:\/\/www.saloanoticias.com\/v1\/wp-json\/wp\/v2\/types\/post"}],"author":[{"embeddable":true,"href":"https:\/\/www.saloanoticias.com\/v1\/wp-json\/wp\/v2\/users\/2"}],"replies":[{"embeddable":true,"href":"https:\/\/www.saloanoticias.com\/v1\/wp-json\/wp\/v2\/comments?post=4395"}],"version-history":[{"count":5,"href":"https:\/\/www.saloanoticias.com\/v1\/wp-json\/wp\/v2\/posts\/4395\/revisions"}],"predecessor-version":[{"id":4402,"href":"https:\/\/www.saloanoticias.com\/v1\/wp-json\/wp\/v2\/posts\/4395\/revisions\/4402"}],"wp:featuredmedia":[{"embeddable":true,"href":"https:\/\/www.saloanoticias.com\/v1\/wp-json\/wp\/v2\/media\/4399"}],"wp:attachment":[{"href":"https:\/\/www.saloanoticias.com\/v1\/wp-json\/wp\/v2\/media?parent=4395"}],"wp:term":[{"taxonomy":"category","embeddable":true,"href":"https:\/\/www.saloanoticias.com\/v1\/wp-json\/wp\/v2\/categories?post=4395"},{"taxonomy":"post_tag","embeddable":true,"href":"https:\/\/www.saloanoticias.com\/v1\/wp-json\/wp\/v2\/tags?post=4395"}],"curies":[{"name":"wp","href":"https:\/\/api.w.org\/{rel}","templated":true}]}}