{"id":4351,"date":"2018-07-22T13:54:52","date_gmt":"2018-07-22T13:54:52","guid":{"rendered":"https:\/\/saloanoticias.com\/v1\/?p=4351"},"modified":"2018-07-22T14:14:31","modified_gmt":"2018-07-22T14:14:31","slug":"psb-de-pernambuco-declara-apoio-a-lula-presidente","status":"publish","type":"post","link":"https:\/\/www.saloanoticias.com\/v1\/psb-de-pernambuco-declara-apoio-a-lula-presidente\/","title":{"rendered":"PSB DE PERNAMBUCO DECLARA APOIO \u00c0 LULA PRESIDENTE"},"content":{"rendered":"<p style=\"text-align: justify; margin: 0cm 0cm 7.5pt 0cm;\"><span style=\"font-family: 'Arial','sans-serif'; color: #333333;\"><img loading=\"lazy\" decoding=\"async\" width=\"1265\" height=\"550\" class=\"aligncenter size-full wp-image-4362\" src=\"https:\/\/saloanoticias.com\/v1\/wp-content\/uploads\/2018\/07\/eduardo-lula-1.jpg\" alt=\"\" srcset=\"https:\/\/www.saloanoticias.com\/v1\/wp-content\/uploads\/2018\/07\/eduardo-lula-1.jpg 1265w, https:\/\/www.saloanoticias.com\/v1\/wp-content\/uploads\/2018\/07\/eduardo-lula-1-300x130.jpg 300w, https:\/\/www.saloanoticias.com\/v1\/wp-content\/uploads\/2018\/07\/eduardo-lula-1-1024x445.jpg 1024w, https:\/\/www.saloanoticias.com\/v1\/wp-content\/uploads\/2018\/07\/eduardo-lula-1-768x334.jpg 768w\" sizes=\"auto, (max-width: 1265px) 100vw, 1265px\" \/>Em Pernambuco, onde o governador Paulo C\u00e2mara (PSB) j\u00e1 declarou apoio a Lula independentemente da dire\u00e7\u00e3o nacional aprovar ou n\u00e3o a parceria com o petista, n\u00e3o haver\u00e1 empecilho\u00a0 para o partido trabalhar em favor da campanha do ex-presidente. Segundo informa\u00e7\u00f5es da sigla, n\u00e3o existe impedimento legal para o governador tomar esse posicionamento. O questionamento poderia partir da executiva nacional que, na opini\u00e3o dos socialistas, n\u00e3o deve acontecer. As exce\u00e7\u00f5es (de liberar os estados), mesmo o partido apoiando outro candidato, acontecem por conta das perculiariedades regionais.<\/span><\/p>\n<p style=\"text-align: justify; margin: 0cm 0cm 7.5pt 0cm;\"><span style=\"font-family: 'Arial','sans-serif'; color: #333333;\">A defesa dos pernambucanos a Lula, por exemplo, tem a ver com o trabalho realizado por ele no estado quando Eduardo Campos era governador (por dois mandatos). Al\u00e9m disso, lembram que o PSB sempre esteve ao lado do petista (desde 1989) e agora quando o ex-presidente passa por dificuldades (preso em Curitiba) o \u201cPSB n\u00e3o pode lhe virar as costas\u201d. A grande ala de socialistas que defende Lula vem justamente do Nordeste. Na regi\u00e3o, apenas o Cear\u00e1 e Piau\u00ed querem a coliga\u00e7\u00e3o com Ciro Gomes.<\/span><\/p>\n<p style=\"text-align: justify; margin: 0cm 0cm 7.5pt 0cm;\"><span style=\"font-family: 'Arial','sans-serif'; color: #333333;\">\u00a0<\/span><\/p>\n<div style=\"margin-top: 0px; margin-bottom: 0px;\" class=\"sharethis-inline-share-buttons\" ><\/div>","protected":false},"excerpt":{"rendered":"<p>Em Pernambuco, onde o governador Paulo C\u00e2mara (PSB) j\u00e1 declarou apoio a Lula independentemente da dire\u00e7\u00e3o nacional aprovar ou n\u00e3o a parceria com o petista, n\u00e3o haver\u00e1 empecilho\u00a0 para o partido trabalhar em favor da campanha do ex-presidente. Segundo informa\u00e7\u00f5es da sigla, n\u00e3o existe impedimento legal para o governador tomar esse posicionamento. O questionamento poderia [&hellip;]<\/p>\n","protected":false},"author":2,"featured_media":4362,"comment_status":"open","ping_status":"open","sticky":false,"template":"","format":"standard","meta":{"footnotes":""},"categories":[2],"tags":[],"class_list":["post-4351","post","type-post","status-publish","format-standard","has-post-thumbnail","hentry","category-noticias-do-dia"],"_links":{"self":[{"href":"https:\/\/www.saloanoticias.com\/v1\/wp-json\/wp\/v2\/posts\/4351","targetHints":{"allow":["GET"]}}],"collection":[{"href":"https:\/\/www.saloanoticias.com\/v1\/wp-json\/wp\/v2\/posts"}],"about":[{"href":"https:\/\/www.saloanoticias.com\/v1\/wp-json\/wp\/v2\/types\/post"}],"author":[{"embeddable":true,"href":"https:\/\/www.saloanoticias.com\/v1\/wp-json\/wp\/v2\/users\/2"}],"replies":[{"embeddable":true,"href":"https:\/\/www.saloanoticias.com\/v1\/wp-json\/wp\/v2\/comments?post=4351"}],"version-history":[{"count":6,"href":"https:\/\/www.saloanoticias.com\/v1\/wp-json\/wp\/v2\/posts\/4351\/revisions"}],"predecessor-version":[{"id":4363,"href":"https:\/\/www.saloanoticias.com\/v1\/wp-json\/wp\/v2\/posts\/4351\/revisions\/4363"}],"wp:featuredmedia":[{"embeddable":true,"href":"https:\/\/www.saloanoticias.com\/v1\/wp-json\/wp\/v2\/media\/4362"}],"wp:attachment":[{"href":"https:\/\/www.saloanoticias.com\/v1\/wp-json\/wp\/v2\/media?parent=4351"}],"wp:term":[{"taxonomy":"category","embeddable":true,"href":"https:\/\/www.saloanoticias.com\/v1\/wp-json\/wp\/v2\/categories?post=4351"},{"taxonomy":"post_tag","embeddable":true,"href":"https:\/\/www.saloanoticias.com\/v1\/wp-json\/wp\/v2\/tags?post=4351"}],"curies":[{"name":"wp","href":"https:\/\/api.w.org\/{rel}","templated":true}]}}