{"id":4342,"date":"2018-07-22T13:22:51","date_gmt":"2018-07-22T13:22:51","guid":{"rendered":"https:\/\/saloanoticias.com\/v1\/?p=4342"},"modified":"2018-07-22T13:33:49","modified_gmt":"2018-07-22T13:33:49","slug":"adolescente-de-15-anos-esta-desaparecida-da-cidade-de-iati-pe","status":"publish","type":"post","link":"https:\/\/www.saloanoticias.com\/v1\/adolescente-de-15-anos-esta-desaparecida-da-cidade-de-iati-pe\/","title":{"rendered":"ADOLESCENTE DE 15 ANOS RESIDENTE EM IATI\u00b4\/PE EST\u00c1 DESAPARECIDA"},"content":{"rendered":"<p><img loading=\"lazy\" decoding=\"async\" class=\"aligncenter wp-image-4343\" src=\"https:\/\/saloanoticias.com\/v1\/wp-content\/uploads\/2018\/07\/desaparecida-iati.jpg\" alt=\"\" width=\"999\" height=\"999\" srcset=\"https:\/\/www.saloanoticias.com\/v1\/wp-content\/uploads\/2018\/07\/desaparecida-iati.jpg 480w, https:\/\/www.saloanoticias.com\/v1\/wp-content\/uploads\/2018\/07\/desaparecida-iati-300x300.jpg 300w, https:\/\/www.saloanoticias.com\/v1\/wp-content\/uploads\/2018\/07\/desaparecida-iati-150x150.jpg 150w, https:\/\/www.saloanoticias.com\/v1\/wp-content\/uploads\/2018\/07\/desaparecida-iati-80x80.jpg 80w\" sizes=\"auto, (max-width: 999px) 100vw, 999px\" \/>Uma adolescente de apenas 15 anos de idade residente na cidade de Iat\u00ed\/PE est\u00e1 desaparecida desde a \u00faltima sexta-feira, dia 20 de julho. Vilyelem Dias da Silva sumiu e os familiares est\u00e3o muito aflitos sem saber qualquer tipo de informa\u00e7\u00f5es sobre ela. As pol\u00edcias Militar e Civil j\u00e1 foram comunicadas e est\u00e3o a espera de informa\u00e7\u00f5es que possam levar a localiza\u00e7\u00e3o de Vilyelem. Quem souber alguma coisa ou viu esta jovem ligue para o n\u00famero (87) 98143.4282.<\/p>\n<div style=\"margin-top: 0px; margin-bottom: 0px;\" class=\"sharethis-inline-share-buttons\" ><\/div>","protected":false},"excerpt":{"rendered":"<p>Uma adolescente de apenas 15 anos de idade residente na cidade de Iat\u00ed\/PE est\u00e1 desaparecida desde a \u00faltima sexta-feira, dia 20 de julho. Vilyelem Dias da Silva sumiu e os familiares est\u00e3o muito aflitos sem saber qualquer tipo de informa\u00e7\u00f5es sobre ela. As pol\u00edcias Militar e Civil j\u00e1 foram comunicadas e est\u00e3o a espera de [&hellip;]<\/p>\n","protected":false},"author":2,"featured_media":4343,"comment_status":"open","ping_status":"open","sticky":false,"template":"","format":"standard","meta":{"footnotes":""},"categories":[2],"tags":[],"class_list":["post-4342","post","type-post","status-publish","format-standard","has-post-thumbnail","hentry","category-noticias-do-dia"],"_links":{"self":[{"href":"https:\/\/www.saloanoticias.com\/v1\/wp-json\/wp\/v2\/posts\/4342","targetHints":{"allow":["GET"]}}],"collection":[{"href":"https:\/\/www.saloanoticias.com\/v1\/wp-json\/wp\/v2\/posts"}],"about":[{"href":"https:\/\/www.saloanoticias.com\/v1\/wp-json\/wp\/v2\/types\/post"}],"author":[{"embeddable":true,"href":"https:\/\/www.saloanoticias.com\/v1\/wp-json\/wp\/v2\/users\/2"}],"replies":[{"embeddable":true,"href":"https:\/\/www.saloanoticias.com\/v1\/wp-json\/wp\/v2\/comments?post=4342"}],"version-history":[{"count":6,"href":"https:\/\/www.saloanoticias.com\/v1\/wp-json\/wp\/v2\/posts\/4342\/revisions"}],"predecessor-version":[{"id":4350,"href":"https:\/\/www.saloanoticias.com\/v1\/wp-json\/wp\/v2\/posts\/4342\/revisions\/4350"}],"wp:featuredmedia":[{"embeddable":true,"href":"https:\/\/www.saloanoticias.com\/v1\/wp-json\/wp\/v2\/media\/4343"}],"wp:attachment":[{"href":"https:\/\/www.saloanoticias.com\/v1\/wp-json\/wp\/v2\/media?parent=4342"}],"wp:term":[{"taxonomy":"category","embeddable":true,"href":"https:\/\/www.saloanoticias.com\/v1\/wp-json\/wp\/v2\/categories?post=4342"},{"taxonomy":"post_tag","embeddable":true,"href":"https:\/\/www.saloanoticias.com\/v1\/wp-json\/wp\/v2\/tags?post=4342"}],"curies":[{"name":"wp","href":"https:\/\/api.w.org\/{rel}","templated":true}]}}