{"id":4329,"date":"2018-07-21T16:49:11","date_gmt":"2018-07-21T16:49:11","guid":{"rendered":"https:\/\/saloanoticias.com\/v1\/?p=4329"},"modified":"2018-07-21T16:52:38","modified_gmt":"2018-07-21T16:52:38","slug":"abertura-do-congresso-de-jovens-da-ieadpe-em-saloa-aconteceu-nesta-sexta-20","status":"publish","type":"post","link":"https:\/\/www.saloanoticias.com\/v1\/abertura-do-congresso-de-jovens-da-ieadpe-em-saloa-aconteceu-nesta-sexta-20\/","title":{"rendered":"ABERTURA DO CONGRESSO DE JOVENS DA IEADPE EM SALO\u00c1 ACONTECEU NESTA SEXTA (20)"},"content":{"rendered":"<p><img loading=\"lazy\" decoding=\"async\" width=\"800\" height=\"600\" class=\"aligncenter size-full wp-image-4330\" src=\"https:\/\/saloanoticias.com\/v1\/wp-content\/uploads\/2018\/07\/ad-saloa.gif\" alt=\"\" \/>Teve in\u00edcio na noite desta sexta-feira, dia 20 de julho, o 7\u00ba Congresso de Jovens da IEADPE \u2013 Igreja Evang\u00e9lica Assembleia de Deus na cidade de Salo\u00e1\/PE. Com o tema: \u201cJovens Cheios do Esp\u00edrito Santo\u201d, texto de Atos 2.17, a Igreja realiza este ano o congresso na gest\u00e3o do jovem pastor Regotier Martins, que vem trabalhando com muito vigor ao lado da mocidade da IEADPE.<\/p>\n<p>Nesta sexta (20) o templo estava lotado, inclusive tendo a galeria que tem capacidade para 200 pessoas quase cheia. Mocidades oriundas de v\u00e1rias cidades tamb\u00e9m estiveram na abertura que contou com cantores da regi\u00e3o e de Escada\/PE, como foi o caso de Jesimiel dos Passos. Muitos momentos de adora\u00e7\u00e3o foram registrados durante a ministra\u00e7\u00e3o da palavra. A programa\u00e7\u00e3o continua neste s\u00e1bado (21) com a prega\u00e7\u00e3o do pastor Lourival Neto, e dever\u00e1 contar com a presen\u00e7a de muitas pessoas.<\/p>\n<p>A mocidade da Assembleia no campo de Salo\u00e1 tem a coordena\u00e7\u00e3o das irm\u00e3s Renata Am\u00e9rico e Carmom Miranda. Ore, divulgue e participe, pois, Deus tem uma palavra para o seu cora\u00e7\u00e3o\u2026 Ser\u00e3o dias muitas ben\u00e7\u00e3os espirituais. A IEADPE com filial em Salo\u00e1 tem a dire\u00e7\u00e3o geral do Pastor Ailton Jos\u00e9 Alves e a dire\u00e7\u00e3o local do Pastor Regotier Martins.<\/p>\n<div style=\"margin-top: 0px; margin-bottom: 0px;\" class=\"sharethis-inline-share-buttons\" ><\/div>","protected":false},"excerpt":{"rendered":"<p>Teve in\u00edcio na noite desta sexta-feira, dia 20 de julho, o 7\u00ba Congresso de Jovens da IEADPE \u2013 Igreja Evang\u00e9lica Assembleia de Deus na cidade de Salo\u00e1\/PE. Com o tema: \u201cJovens Cheios do Esp\u00edrito Santo\u201d, texto de Atos 2.17, a Igreja realiza este ano o congresso na gest\u00e3o do jovem pastor Regotier Martins, que vem [&hellip;]<\/p>\n","protected":false},"author":2,"featured_media":4330,"comment_status":"open","ping_status":"open","sticky":false,"template":"","format":"standard","meta":{"footnotes":""},"categories":[2],"tags":[],"class_list":["post-4329","post","type-post","status-publish","format-standard","has-post-thumbnail","hentry","category-noticias-do-dia"],"_links":{"self":[{"href":"https:\/\/www.saloanoticias.com\/v1\/wp-json\/wp\/v2\/posts\/4329","targetHints":{"allow":["GET"]}}],"collection":[{"href":"https:\/\/www.saloanoticias.com\/v1\/wp-json\/wp\/v2\/posts"}],"about":[{"href":"https:\/\/www.saloanoticias.com\/v1\/wp-json\/wp\/v2\/types\/post"}],"author":[{"embeddable":true,"href":"https:\/\/www.saloanoticias.com\/v1\/wp-json\/wp\/v2\/users\/2"}],"replies":[{"embeddable":true,"href":"https:\/\/www.saloanoticias.com\/v1\/wp-json\/wp\/v2\/comments?post=4329"}],"version-history":[{"count":4,"href":"https:\/\/www.saloanoticias.com\/v1\/wp-json\/wp\/v2\/posts\/4329\/revisions"}],"predecessor-version":[{"id":4334,"href":"https:\/\/www.saloanoticias.com\/v1\/wp-json\/wp\/v2\/posts\/4329\/revisions\/4334"}],"wp:featuredmedia":[{"embeddable":true,"href":"https:\/\/www.saloanoticias.com\/v1\/wp-json\/wp\/v2\/media\/4330"}],"wp:attachment":[{"href":"https:\/\/www.saloanoticias.com\/v1\/wp-json\/wp\/v2\/media?parent=4329"}],"wp:term":[{"taxonomy":"category","embeddable":true,"href":"https:\/\/www.saloanoticias.com\/v1\/wp-json\/wp\/v2\/categories?post=4329"},{"taxonomy":"post_tag","embeddable":true,"href":"https:\/\/www.saloanoticias.com\/v1\/wp-json\/wp\/v2\/tags?post=4329"}],"curies":[{"name":"wp","href":"https:\/\/api.w.org\/{rel}","templated":true}]}}