{"id":4325,"date":"2018-07-21T15:56:20","date_gmt":"2018-07-21T15:56:20","guid":{"rendered":"https:\/\/saloanoticias.com\/v1\/?p=4325"},"modified":"2018-07-21T16:07:42","modified_gmt":"2018-07-21T16:07:42","slug":"programacao-do-teatro-adulto-no-fig-estreou-nesta-sexta-20","status":"publish","type":"post","link":"https:\/\/www.saloanoticias.com\/v1\/programacao-do-teatro-adulto-no-fig-estreou-nesta-sexta-20\/","title":{"rendered":"PROGRAMA\u00c7\u00c3O DO TEATRO ADULTO NO FIG ESTREOU NESTA SEXTA (20)"},"content":{"rendered":"<p><img loading=\"lazy\" decoding=\"async\" width=\"1280\" height=\"853\" class=\"aligncenter size-full wp-image-4326\" src=\"https:\/\/saloanoticias.com\/v1\/wp-content\/uploads\/2018\/07\/thumbnail_FIG2018_Teatro20-07_NicholeDeAndrade-5.jpg\" alt=\"\" srcset=\"https:\/\/www.saloanoticias.com\/v1\/wp-content\/uploads\/2018\/07\/thumbnail_FIG2018_Teatro20-07_NicholeDeAndrade-5.jpg 1280w, https:\/\/www.saloanoticias.com\/v1\/wp-content\/uploads\/2018\/07\/thumbnail_FIG2018_Teatro20-07_NicholeDeAndrade-5-300x200.jpg 300w, https:\/\/www.saloanoticias.com\/v1\/wp-content\/uploads\/2018\/07\/thumbnail_FIG2018_Teatro20-07_NicholeDeAndrade-5-1024x682.jpg 1024w, https:\/\/www.saloanoticias.com\/v1\/wp-content\/uploads\/2018\/07\/thumbnail_FIG2018_Teatro20-07_NicholeDeAndrade-5-768x512.jpg 768w\" sizes=\"auto, (max-width: 1280px) 100vw, 1280px\" \/>A programa\u00e7\u00e3o de artes c\u00eanicas do 28\u00b0 Festival de Inverno de Garanhuns teve in\u00edcio nesta sexta-feira (20), no Teatro Luiz Souto Dourado, localizado no Centro Cultural Alfredo Leite Cavalcanti. O espet\u00e1culo \u201c<em>Nuestra Senhora de Las Nuves<\/em>\u201d, inspirado na obra do argentino radicado no Equador, Ar\u00edstides Vargas; foi interpretado pelo grupo potiguar Clowns de Shakespeare. Essa foi a primeira apresenta\u00e7\u00e3o do polo que recebe uma extensa programa\u00e7\u00e3o at\u00e9 o pr\u00f3ximo s\u00e1bado (28).\u00a0Com dire\u00e7\u00e3o de Fernando Yamamoto, a encena\u00e7\u00e3o, que foi adaptada h\u00e1 quatro anos, busca provocar reflex\u00f5es acerca do ex\u00edlio, e toma como refer\u00eancia o golpe militar de 1964 no Brasil e as ditaduras vividas em outros pa\u00edses latino-americanos. As hist\u00f3rias s\u00e3o apresentadas por quatro atores e tem como centro a rela\u00e7\u00e3o entre os personagens Oscar e Bruna.<\/p>\n<p><img loading=\"lazy\" decoding=\"async\" width=\"1280\" height=\"853\" class=\"aligncenter size-full wp-image-4327\" src=\"https:\/\/saloanoticias.com\/v1\/wp-content\/uploads\/2018\/07\/Orquestra-2.jpg\" alt=\"\" srcset=\"https:\/\/www.saloanoticias.com\/v1\/wp-content\/uploads\/2018\/07\/Orquestra-2.jpg 1280w, https:\/\/www.saloanoticias.com\/v1\/wp-content\/uploads\/2018\/07\/Orquestra-2-300x200.jpg 300w, https:\/\/www.saloanoticias.com\/v1\/wp-content\/uploads\/2018\/07\/Orquestra-2-1024x682.jpg 1024w, https:\/\/www.saloanoticias.com\/v1\/wp-content\/uploads\/2018\/07\/Orquestra-2-768x512.jpg 768w\" sizes=\"auto, (max-width: 1280px) 100vw, 1280px\" \/><\/p>\n<p>A obra de 2001 se caracteriza como a segunda parte de uma \u201ctrilogia do ex\u00edlio\u201c \u2014 j\u00e1 que o pr\u00f3prio autor foi obrigado a deixar a Argentina durante o regime ditatorial no pa\u00eds. O ator Dudu Galv\u00e3o, que \u00e9 integrante do Clowns de Shakespeare, afirmou que muito do simbolismo da pe\u00e7a vem do texto original de Ar\u00edstides. \u201cEle viveu essa experi\u00eancia tamb\u00e9m, e a gente se encantou muito, porque diz respeito da forma que a gente gosta de fazer o nosso teatro, que \u00e9 contar essas hist\u00f3rias mais pungentes com um qu\u00ea de leveza \u201d, pontuou.\u00a0O p\u00fablico lotou o teatro durante a apresenta\u00e7\u00e3o que durou mais de uma hora. Ap\u00f3s a encena\u00e7\u00e3o, muitos puderam conversar e tirar d\u00favidas com os atores da companhia.<\/p>\n<p>\u201cAinda n\u00e3o tinha assistido uma apresenta\u00e7\u00e3o desse grupo, mas achei a discuss\u00e3o muito interessante. E o texto se mostra bastante atual, os atores tratam do assunto de uma forma bem delicada\u201d, afirmou M\u00e1rio Oliveira, que atualmente reside em Salvador.\u00a0Os atores do Clowns sobem ao teatro novamente neste s\u00e1bado (21), com o espet\u00e1culo \u201c<em>Abrazo<\/em>\u201d, voltado para o p\u00fablico infanto-juvenil, e pode ser assistido por crian\u00e7as e adultos de todas as idades. A apresenta\u00e7\u00e3o tem in\u00edcio \u00e0s 10h. No mesmo local, \u00e0s 18h, o teatro adulto recebe a pe\u00e7a \u201cUm minuto pra dizer que te amo\u201d, produzida pela Matraca Grupo de Teatro.\u00a0 A programa\u00e7\u00e3o completa pode ser acessada na \u00edntegra no link: <a href=\"https:\/\/bit.ly\/2LwOSY9\">https:\/\/bit.ly\/2LwOSY9<\/a> &#8211; <u>Texto: Aquilles Soares \u2014 (Secom\/PMG)<\/u><\/p>\n<p>&nbsp;<\/p>\n<div style=\"margin-top: 0px; margin-bottom: 0px;\" class=\"sharethis-inline-share-buttons\" ><\/div>","protected":false},"excerpt":{"rendered":"<p>A programa\u00e7\u00e3o de artes c\u00eanicas do 28\u00b0 Festival de Inverno de Garanhuns teve in\u00edcio nesta sexta-feira (20), no Teatro Luiz Souto Dourado, localizado no Centro Cultural Alfredo Leite Cavalcanti. O espet\u00e1culo \u201cNuestra Senhora de Las Nuves\u201d, inspirado na obra do argentino radicado no Equador, Ar\u00edstides Vargas; foi interpretado pelo grupo potiguar Clowns de Shakespeare. Essa [&hellip;]<\/p>\n","protected":false},"author":2,"featured_media":4326,"comment_status":"open","ping_status":"open","sticky":false,"template":"","format":"standard","meta":{"footnotes":""},"categories":[2],"tags":[],"class_list":["post-4325","post","type-post","status-publish","format-standard","has-post-thumbnail","hentry","category-noticias-do-dia"],"_links":{"self":[{"href":"https:\/\/www.saloanoticias.com\/v1\/wp-json\/wp\/v2\/posts\/4325","targetHints":{"allow":["GET"]}}],"collection":[{"href":"https:\/\/www.saloanoticias.com\/v1\/wp-json\/wp\/v2\/posts"}],"about":[{"href":"https:\/\/www.saloanoticias.com\/v1\/wp-json\/wp\/v2\/types\/post"}],"author":[{"embeddable":true,"href":"https:\/\/www.saloanoticias.com\/v1\/wp-json\/wp\/v2\/users\/2"}],"replies":[{"embeddable":true,"href":"https:\/\/www.saloanoticias.com\/v1\/wp-json\/wp\/v2\/comments?post=4325"}],"version-history":[{"count":1,"href":"https:\/\/www.saloanoticias.com\/v1\/wp-json\/wp\/v2\/posts\/4325\/revisions"}],"predecessor-version":[{"id":4328,"href":"https:\/\/www.saloanoticias.com\/v1\/wp-json\/wp\/v2\/posts\/4325\/revisions\/4328"}],"wp:featuredmedia":[{"embeddable":true,"href":"https:\/\/www.saloanoticias.com\/v1\/wp-json\/wp\/v2\/media\/4326"}],"wp:attachment":[{"href":"https:\/\/www.saloanoticias.com\/v1\/wp-json\/wp\/v2\/media?parent=4325"}],"wp:term":[{"taxonomy":"category","embeddable":true,"href":"https:\/\/www.saloanoticias.com\/v1\/wp-json\/wp\/v2\/categories?post=4325"},{"taxonomy":"post_tag","embeddable":true,"href":"https:\/\/www.saloanoticias.com\/v1\/wp-json\/wp\/v2\/tags?post=4325"}],"curies":[{"name":"wp","href":"https:\/\/api.w.org\/{rel}","templated":true}]}}