{"id":4312,"date":"2018-07-20T13:52:28","date_gmt":"2018-07-20T13:52:28","guid":{"rendered":"https:\/\/saloanoticias.com\/v1\/?p=4312"},"modified":"2018-07-20T14:27:26","modified_gmt":"2018-07-20T14:27:26","slug":"varias-atracoes-abriram-o-28o-festival-de-garanhuns-nesta-quinta-19","status":"publish","type":"post","link":"https:\/\/www.saloanoticias.com\/v1\/varias-atracoes-abriram-o-28o-festival-de-garanhuns-nesta-quinta-19\/","title":{"rendered":"V\u00c1RIAS ATRA\u00c7\u00d5ES ABRIRAM O 28\u00ba FESTIVAL DE INVERNO DE GARANHUNS"},"content":{"rendered":"<p><img loading=\"lazy\" decoding=\"async\" width=\"1280\" height=\"853\" class=\"aligncenter size-full wp-image-4313\" src=\"https:\/\/saloanoticias.com\/v1\/wp-content\/uploads\/2018\/07\/thumbnail_Abertura-28-FIG_Hilton-Marques_19.07.18-4.jpg\" alt=\"\" srcset=\"https:\/\/www.saloanoticias.com\/v1\/wp-content\/uploads\/2018\/07\/thumbnail_Abertura-28-FIG_Hilton-Marques_19.07.18-4.jpg 1280w, https:\/\/www.saloanoticias.com\/v1\/wp-content\/uploads\/2018\/07\/thumbnail_Abertura-28-FIG_Hilton-Marques_19.07.18-4-300x200.jpg 300w, https:\/\/www.saloanoticias.com\/v1\/wp-content\/uploads\/2018\/07\/thumbnail_Abertura-28-FIG_Hilton-Marques_19.07.18-4-1024x682.jpg 1024w, https:\/\/www.saloanoticias.com\/v1\/wp-content\/uploads\/2018\/07\/thumbnail_Abertura-28-FIG_Hilton-Marques_19.07.18-4-768x512.jpg 768w\" sizes=\"auto, (max-width: 1280px) 100vw, 1280px\" \/>O Centro Cultural Alfredo Leite Cavalcanti foi o palco da abertura oficial do 28\u00ba Festival de Inverno de Garanhuns (FIG), nessa quinta-feira (19). A solenidade, realizada no Teatro Luiz Souto Dourado, contou com a presen\u00e7a de autoridades municipais, al\u00e9m de um grande p\u00fablico formado por turistas e garanhuenses. Nesta edi\u00e7\u00e3o, com o tema \u201cUm Viva \u00e0 Liberdade\u201d, o FIG valoriza express\u00f5es art\u00edsticas, est\u00e9ticas, pol\u00edticas e religiosas. A primeira atra\u00e7\u00e3o do evento multicultural foi o espet\u00e1culo \u201cAu\u00ea\u201d, interpretado pela Barca dos Cora\u00e7\u00f5es Partidos, companhia do Rio de Janeiro.<\/p>\n<p><img loading=\"lazy\" decoding=\"async\" width=\"1280\" height=\"853\" class=\"aligncenter size-full wp-image-4314\" src=\"https:\/\/saloanoticias.com\/v1\/wp-content\/uploads\/2018\/07\/thumbnail_Abertura-28-FIG_Hilton-Marques_19.07.18-3.jpg\" alt=\"\" srcset=\"https:\/\/www.saloanoticias.com\/v1\/wp-content\/uploads\/2018\/07\/thumbnail_Abertura-28-FIG_Hilton-Marques_19.07.18-3.jpg 1280w, https:\/\/www.saloanoticias.com\/v1\/wp-content\/uploads\/2018\/07\/thumbnail_Abertura-28-FIG_Hilton-Marques_19.07.18-3-300x200.jpg 300w, https:\/\/www.saloanoticias.com\/v1\/wp-content\/uploads\/2018\/07\/thumbnail_Abertura-28-FIG_Hilton-Marques_19.07.18-3-1024x682.jpg 1024w, https:\/\/www.saloanoticias.com\/v1\/wp-content\/uploads\/2018\/07\/thumbnail_Abertura-28-FIG_Hilton-Marques_19.07.18-3-768x512.jpg 768w\" sizes=\"auto, (max-width: 1280px) 100vw, 1280px\" \/><\/p>\n<p>Tamb\u00e9m prestigiaram a abertura o vice-prefeito de Garanhuns, Haroldo Vicente; a presidente da Funda\u00e7\u00e3o do Patrim\u00f4nio Hist\u00f3rico e Art\u00edstico de Pernambuco (Fundarpe), M\u00e1rcia Souto; o secret\u00e1rio de Cultura de Pernambuco, Marcelino Granja; vereadores e secret\u00e1rios municipais. Durante a ocasi\u00e3o, Haroldo destacou a import\u00e2ncia do evento para a cidade. \u201cRecebemos pessoas de todo o pa\u00eds durante esses dez dias, o que valoriza os artistas de Garanhuns e potencializa nossos atrativos tur\u00edsticos. Quero dar as boas-vindas \u00e0 todos e que o festival se consolide cada vez mais em nossa cidade\u201d, pontuou.<\/p>\n<p><img loading=\"lazy\" decoding=\"async\" width=\"1280\" height=\"853\" class=\"aligncenter size-full wp-image-4315\" src=\"https:\/\/saloanoticias.com\/v1\/wp-content\/uploads\/2018\/07\/thumbnail_Abertura-28-FIG_Hilton-Marques_19.07.18-2.jpg\" alt=\"\" srcset=\"https:\/\/www.saloanoticias.com\/v1\/wp-content\/uploads\/2018\/07\/thumbnail_Abertura-28-FIG_Hilton-Marques_19.07.18-2.jpg 1280w, https:\/\/www.saloanoticias.com\/v1\/wp-content\/uploads\/2018\/07\/thumbnail_Abertura-28-FIG_Hilton-Marques_19.07.18-2-300x200.jpg 300w, https:\/\/www.saloanoticias.com\/v1\/wp-content\/uploads\/2018\/07\/thumbnail_Abertura-28-FIG_Hilton-Marques_19.07.18-2-1024x682.jpg 1024w, https:\/\/www.saloanoticias.com\/v1\/wp-content\/uploads\/2018\/07\/thumbnail_Abertura-28-FIG_Hilton-Marques_19.07.18-2-768x512.jpg 768w\" sizes=\"auto, (max-width: 1280px) 100vw, 1280px\" \/><\/p>\n<p>Como manda a pluralidade do FIG, \u201cAu\u00ea\u201d, dirigido pela pernambucana Duda Maia, misturou m\u00fasica, dan\u00e7a, teatro e circo em uma apresenta\u00e7\u00e3o que foi vencedora do Pr\u00eamio Shell de 2016. No palco, oito artistas revezaram instrumentos e cantaram m\u00fasicas autorais que exaltam o amor. \u201cEssa cidade \u00e9 linda e respira cultura, a gente espera voltar de novo. Todo ano ficamos torcendo para vir com algum dos nossos espet\u00e1culos. Esse festival \u00e9 uma resist\u00eancia, os outros est\u00e3o acabando no Brasil e este continua de p\u00e9\u201d, afirmou o ator Adren Alves.<\/p>\n<p>O espa\u00e7o tamb\u00e9m ser\u00e1 destinado \u00e0s artes c\u00eanicas do evento, com uma extensa programa\u00e7\u00e3o que continua nesta sexta-feira (20), com o espet\u00e1culo Nuestra Senhora de Las Nuves, do grupo Clowns de Shakespeare, do Rio Grande do Norte. \u201cO espet\u00e1culo de hoje foi lindo. J\u00e1 moramos aqui em Garanhuns e planejamos ficar at\u00e9 segunda-feira, na expectativa de que esta ser\u00e1 melhor do que outras edi\u00e7\u00f5es, pela qualidade dos artistas\u201d, afirmou o recifense \u00c9lcio de Barros.<\/p>\n<p>Mestre Dominguinhos \u2013 Os shows do polo principal ter\u00e3o in\u00edcio nesta sexta-feira (20), na Pra\u00e7a Mestre Dominguinhos, a partir das 20h com show da Golden Hits Orquestra. Em seguida, \u00e0s 21h, tem show de Anderson do Pife e Banda de P\u00edfano Z\u00e9 do Estado. \u00c0s 22h \u00e9 a vez de Siba e a Fuloresta. Seguido pela Orquestra Santa Massa, \u00e0s 23h. Encerrando a programa\u00e7\u00e3o, \u00e0s 0h30 quem sobe ao palco \u00e9 o Cordel do Fogo Encantado. <em>Texto: Aquilles Soares &#8211; Fotos: Hilton Marques e Camila Queiroz<\/em><\/p>\n<div style=\"margin-top: 0px; margin-bottom: 0px;\" class=\"sharethis-inline-share-buttons\" ><\/div>","protected":false},"excerpt":{"rendered":"<p>O Centro Cultural Alfredo Leite Cavalcanti foi o palco da abertura oficial do 28\u00ba Festival de Inverno de Garanhuns (FIG), nessa quinta-feira (19). A solenidade, realizada no Teatro Luiz Souto Dourado, contou com a presen\u00e7a de autoridades municipais, al\u00e9m de um grande p\u00fablico formado por turistas e garanhuenses. Nesta edi\u00e7\u00e3o, com o tema \u201cUm Viva [&hellip;]<\/p>\n","protected":false},"author":2,"featured_media":4313,"comment_status":"open","ping_status":"open","sticky":false,"template":"","format":"standard","meta":{"footnotes":""},"categories":[2],"tags":[],"class_list":["post-4312","post","type-post","status-publish","format-standard","has-post-thumbnail","hentry","category-noticias-do-dia"],"_links":{"self":[{"href":"https:\/\/www.saloanoticias.com\/v1\/wp-json\/wp\/v2\/posts\/4312","targetHints":{"allow":["GET"]}}],"collection":[{"href":"https:\/\/www.saloanoticias.com\/v1\/wp-json\/wp\/v2\/posts"}],"about":[{"href":"https:\/\/www.saloanoticias.com\/v1\/wp-json\/wp\/v2\/types\/post"}],"author":[{"embeddable":true,"href":"https:\/\/www.saloanoticias.com\/v1\/wp-json\/wp\/v2\/users\/2"}],"replies":[{"embeddable":true,"href":"https:\/\/www.saloanoticias.com\/v1\/wp-json\/wp\/v2\/comments?post=4312"}],"version-history":[{"count":2,"href":"https:\/\/www.saloanoticias.com\/v1\/wp-json\/wp\/v2\/posts\/4312\/revisions"}],"predecessor-version":[{"id":4317,"href":"https:\/\/www.saloanoticias.com\/v1\/wp-json\/wp\/v2\/posts\/4312\/revisions\/4317"}],"wp:featuredmedia":[{"embeddable":true,"href":"https:\/\/www.saloanoticias.com\/v1\/wp-json\/wp\/v2\/media\/4313"}],"wp:attachment":[{"href":"https:\/\/www.saloanoticias.com\/v1\/wp-json\/wp\/v2\/media?parent=4312"}],"wp:term":[{"taxonomy":"category","embeddable":true,"href":"https:\/\/www.saloanoticias.com\/v1\/wp-json\/wp\/v2\/categories?post=4312"},{"taxonomy":"post_tag","embeddable":true,"href":"https:\/\/www.saloanoticias.com\/v1\/wp-json\/wp\/v2\/tags?post=4312"}],"curies":[{"name":"wp","href":"https:\/\/api.w.org\/{rel}","templated":true}]}}