{"id":4295,"date":"2018-07-19T17:36:44","date_gmt":"2018-07-19T17:36:44","guid":{"rendered":"https:\/\/saloanoticias.com\/v1\/?p=4295"},"modified":"2018-07-20T14:28:17","modified_gmt":"2018-07-20T14:28:17","slug":"coopanema-realiza-curso-ater-leite-com-pequenos-pecuaristas-de-saloa-pe","status":"publish","type":"post","link":"https:\/\/www.saloanoticias.com\/v1\/coopanema-realiza-curso-ater-leite-com-pequenos-pecuaristas-de-saloa-pe\/","title":{"rendered":"COOPANEMA REALIZA CURSO &#8220;ATER LEITE&#8221; COM PEQUENOS PECUARISTAS DE SALO\u00c1\/PE"},"content":{"rendered":"<p><img loading=\"lazy\" decoding=\"async\" width=\"975\" height=\"600\" class=\"aligncenter size-full wp-image-4298\" src=\"https:\/\/saloanoticias.com\/v1\/wp-content\/uploads\/2018\/07\/IMG_1939.jpg\" alt=\"\" srcset=\"https:\/\/www.saloanoticias.com\/v1\/wp-content\/uploads\/2018\/07\/IMG_1939.jpg 975w, https:\/\/www.saloanoticias.com\/v1\/wp-content\/uploads\/2018\/07\/IMG_1939-300x185.jpg 300w, https:\/\/www.saloanoticias.com\/v1\/wp-content\/uploads\/2018\/07\/IMG_1939-768x473.jpg 768w\" sizes=\"auto, (max-width: 975px) 100vw, 975px\" \/>Aconteceu na \u00faltima ter\u00e7a-feira, dia 17 julho de 2018, a forma\u00e7\u00e3o do curso ATER LEITE &#8211; Assist\u00eancia T\u00e9cnica em Extens\u00e3o Rural promovido pela COOPANEMA (Cooperativa Mista dos Agricultores Familiares do Vale do Ipanema) e IPA, evento que foi realizado na C\u00e2mara dos Vereadores e contou com a presen\u00e7a de parlamentares, pequenos criadores de vacas, funcion\u00e1rios do IPA, COOPANEMA, Secretaria de Agricultura de Salo\u00e1 e agricultores. O curso visou orientar os criadores nas quest\u00f5es t\u00e9cnicas de manuseio do gado e formas de aperfei\u00e7oamento da produ\u00e7\u00e3o.<\/p>\n<p><img loading=\"lazy\" decoding=\"async\" width=\"1024\" height=\"600\" class=\"aligncenter size-full wp-image-4299\" src=\"https:\/\/saloanoticias.com\/v1\/wp-content\/uploads\/2018\/07\/a591e80c-308d-4bb0-919f-ca0d90d2be9d.jpg\" alt=\"\" srcset=\"https:\/\/www.saloanoticias.com\/v1\/wp-content\/uploads\/2018\/07\/a591e80c-308d-4bb0-919f-ca0d90d2be9d.jpg 1024w, https:\/\/www.saloanoticias.com\/v1\/wp-content\/uploads\/2018\/07\/a591e80c-308d-4bb0-919f-ca0d90d2be9d-300x176.jpg 300w, https:\/\/www.saloanoticias.com\/v1\/wp-content\/uploads\/2018\/07\/a591e80c-308d-4bb0-919f-ca0d90d2be9d-768x450.jpg 768w\" sizes=\"auto, (max-width: 1024px) 100vw, 1024px\" \/><\/p>\n<p>Segundo Alisson Vieira (Quinho Vieira), o curso trouxa muitas informa\u00e7\u00f5es que serviram de par\u00e2mentros para a realiza\u00e7\u00e3o de uma produ\u00e7\u00e3o de leite mais organizada e eficiente. Ele disse que muitas pessoas ainda n\u00e3o est\u00e3o utilizando os meios de produ\u00e7\u00e3o corretamente e por isso, n\u00e3o est\u00e3o tendo os resultados esperados na cadeia produtiva. Na oportunidade o vereador Ronaldinho se disse muito feliz pela oportunidade de participar de um momento t\u00e3o proveitoso como aquele, enfatizando a import\u00e2ncia dos criadores na economia da cidade.<\/p>\n<p><img loading=\"lazy\" decoding=\"async\" width=\"800\" height=\"600\" class=\"aligncenter size-full wp-image-4300\" src=\"https:\/\/saloanoticias.com\/v1\/wp-content\/uploads\/2018\/07\/IMG_1941.jpg\" alt=\"\" srcset=\"https:\/\/www.saloanoticias.com\/v1\/wp-content\/uploads\/2018\/07\/IMG_1941.jpg 800w, https:\/\/www.saloanoticias.com\/v1\/wp-content\/uploads\/2018\/07\/IMG_1941-300x225.jpg 300w, https:\/\/www.saloanoticias.com\/v1\/wp-content\/uploads\/2018\/07\/IMG_1941-768x576.jpg 768w\" sizes=\"auto, (max-width: 800px) 100vw, 800px\" \/><\/p>\n<p>O Secret\u00e1rio Paulo Gama tamb\u00e9m destacou as a\u00e7\u00f5es do governo municipal no sentido de melhorar e incentivar a produ\u00e7\u00e3o, seja ela na pecu\u00e1ria ou na agricultura. Muitas outras pessoas tamb\u00e9m aproveitaram a oportunidade para trazer boas ideias sobre o assunto e no final aconteceu um pequeno coquetel de confraterniza\u00e7\u00e3o.<\/p>\n<div style=\"margin-top: 0px; margin-bottom: 0px;\" class=\"sharethis-inline-share-buttons\" ><\/div>","protected":false},"excerpt":{"rendered":"<p>Aconteceu na \u00faltima ter\u00e7a-feira, dia 17 julho de 2018, a forma\u00e7\u00e3o do curso ATER LEITE &#8211; Assist\u00eancia T\u00e9cnica em Extens\u00e3o Rural promovido pela COOPANEMA (Cooperativa Mista dos Agricultores Familiares do Vale do Ipanema) e IPA, evento que foi realizado na C\u00e2mara dos Vereadores e contou com a presen\u00e7a de parlamentares, pequenos criadores de vacas, funcion\u00e1rios [&hellip;]<\/p>\n","protected":false},"author":2,"featured_media":4298,"comment_status":"open","ping_status":"open","sticky":false,"template":"","format":"standard","meta":{"footnotes":""},"categories":[2],"tags":[],"class_list":["post-4295","post","type-post","status-publish","format-standard","has-post-thumbnail","hentry","category-noticias-do-dia"],"_links":{"self":[{"href":"https:\/\/www.saloanoticias.com\/v1\/wp-json\/wp\/v2\/posts\/4295","targetHints":{"allow":["GET"]}}],"collection":[{"href":"https:\/\/www.saloanoticias.com\/v1\/wp-json\/wp\/v2\/posts"}],"about":[{"href":"https:\/\/www.saloanoticias.com\/v1\/wp-json\/wp\/v2\/types\/post"}],"author":[{"embeddable":true,"href":"https:\/\/www.saloanoticias.com\/v1\/wp-json\/wp\/v2\/users\/2"}],"replies":[{"embeddable":true,"href":"https:\/\/www.saloanoticias.com\/v1\/wp-json\/wp\/v2\/comments?post=4295"}],"version-history":[{"count":6,"href":"https:\/\/www.saloanoticias.com\/v1\/wp-json\/wp\/v2\/posts\/4295\/revisions"}],"predecessor-version":[{"id":4318,"href":"https:\/\/www.saloanoticias.com\/v1\/wp-json\/wp\/v2\/posts\/4295\/revisions\/4318"}],"wp:featuredmedia":[{"embeddable":true,"href":"https:\/\/www.saloanoticias.com\/v1\/wp-json\/wp\/v2\/media\/4298"}],"wp:attachment":[{"href":"https:\/\/www.saloanoticias.com\/v1\/wp-json\/wp\/v2\/media?parent=4295"}],"wp:term":[{"taxonomy":"category","embeddable":true,"href":"https:\/\/www.saloanoticias.com\/v1\/wp-json\/wp\/v2\/categories?post=4295"},{"taxonomy":"post_tag","embeddable":true,"href":"https:\/\/www.saloanoticias.com\/v1\/wp-json\/wp\/v2\/tags?post=4295"}],"curies":[{"name":"wp","href":"https:\/\/api.w.org\/{rel}","templated":true}]}}