{"id":4286,"date":"2018-07-19T01:11:56","date_gmt":"2018-07-19T01:11:56","guid":{"rendered":"https:\/\/saloanoticias.com\/v1\/?p=4286"},"modified":"2018-07-19T01:11:56","modified_gmt":"2018-07-19T01:11:56","slug":"festival-de-jeep-impulsiona-economia-de-garanhuns","status":"publish","type":"post","link":"https:\/\/www.saloanoticias.com\/v1\/festival-de-jeep-impulsiona-economia-de-garanhuns\/","title":{"rendered":"FESTIVAL DE JEEP IMPULSIONA ECONOMIA DE GARANHUNS"},"content":{"rendered":"<p><img loading=\"lazy\" decoding=\"async\" width=\"1280\" height=\"960\" class=\"aligncenter size-full wp-image-4287\" src=\"https:\/\/saloanoticias.com\/v1\/wp-content\/uploads\/2018\/07\/img-1.jpg\" alt=\"\" srcset=\"https:\/\/www.saloanoticias.com\/v1\/wp-content\/uploads\/2018\/07\/img-1.jpg 1280w, https:\/\/www.saloanoticias.com\/v1\/wp-content\/uploads\/2018\/07\/img-1-300x225.jpg 300w, https:\/\/www.saloanoticias.com\/v1\/wp-content\/uploads\/2018\/07\/img-1-1024x768.jpg 1024w, https:\/\/www.saloanoticias.com\/v1\/wp-content\/uploads\/2018\/07\/img-1-768x576.jpg 768w\" sizes=\"auto, (max-width: 1280px) 100vw, 1280px\" \/>Foi encerrada oficialmente, nesse domingo (08), a 27\u00aa edi\u00e7\u00e3o do Festival de Jeep de Garanhuns. O evento teve in\u00edcio na \u00faltima sexta-feira (06), com o intuito de proporcionar o interc\u00e2mbio cultural e a pr\u00e1tica desportiva e ecol\u00f3gica entre os participantes. Durantes os tr\u00eas dias de programa\u00e7\u00e3o, os 185 inscritos realizaram o percurso conhecido como Trilha do Lobisomen, al\u00e9m da 5\u00aa etapa do Campeonato Brasileiro de Rally 4&#215;4, que aconteceu no jip\u00f3dromo localizado no Parque de Vaquejadas Acau\u00e3, com premia\u00e7\u00e3o para os melhores colocados.<\/p>\n<p>O festival \u00e9 idealizado do Jeep Club Garanhuns em parceria com a Prefeitura de Garanhuns, que promoveu a infraestrutura para realiza\u00e7\u00e3o dos circuitos, bem como a Autarquia Municipal de Seguran\u00e7a Tr\u00e2nsito e Transportes (AMSTT), no apoio log\u00edstico aos roteiros. A Pol\u00edcia Militar, o Ex\u00e9rcito Brasileiro e a iniciativa privada tamb\u00e9m integraram o apoio ao evento.<\/p>\n<p>O festival, que busca difundir a cultura off-road e a paix\u00e3o pela hist\u00f3ria do ve\u00edculo, tamb\u00e9m tem o intuito de valorizar os talentos off-road da regi\u00e3o. Contando com a participa\u00e7\u00e3o de um p\u00fablico de v\u00e1rios estados do Nordeste, como Rio Grande do Norte, Para\u00edba, Sergipe, Alagoas, Bahia, e diversos munic\u00edpios de Pernambuco. A movimenta\u00e7\u00e3o proporcionou um aquecimento na economia local, com o consequente aumento na taxa de ocupa\u00e7\u00e3o da rede hoteleira, gerando empregos tempor\u00e1rios e o est\u00edmulo do com\u00e9rcio em geral.<\/p>\n<p>De acordo com Luna Neto, que \u00e9 um dos organizadores: \u201ctivemos mais do que o dobro de participantes este ano, em rela\u00e7\u00e3o a \u00faltima edi\u00e7\u00e3o. O que favoreceu diretamente a rede hoteleira, de abastecimento de combust\u00edveis e tamb\u00e9m supermercados, porque muita gente compra mantimentos para levar \u00e0 trilha. Garanhuns sem d\u00favidas est\u00e1 se consolidando como um polo dos mais diferentes n\u00edveis de esporte automobil\u00edstico\u201d, afirmou.<\/p>\n<div style=\"margin-top: 0px; margin-bottom: 0px;\" class=\"sharethis-inline-share-buttons\" ><\/div>","protected":false},"excerpt":{"rendered":"<p>Foi encerrada oficialmente, nesse domingo (08), a 27\u00aa edi\u00e7\u00e3o do Festival de Jeep de Garanhuns. O evento teve in\u00edcio na \u00faltima sexta-feira (06), com o intuito de proporcionar o interc\u00e2mbio cultural e a pr\u00e1tica desportiva e ecol\u00f3gica entre os participantes. Durantes os tr\u00eas dias de programa\u00e7\u00e3o, os 185 inscritos realizaram o percurso conhecido como Trilha [&hellip;]<\/p>\n","protected":false},"author":2,"featured_media":4287,"comment_status":"open","ping_status":"open","sticky":false,"template":"","format":"standard","meta":{"footnotes":""},"categories":[2],"tags":[],"class_list":["post-4286","post","type-post","status-publish","format-standard","has-post-thumbnail","hentry","category-noticias-do-dia"],"_links":{"self":[{"href":"https:\/\/www.saloanoticias.com\/v1\/wp-json\/wp\/v2\/posts\/4286","targetHints":{"allow":["GET"]}}],"collection":[{"href":"https:\/\/www.saloanoticias.com\/v1\/wp-json\/wp\/v2\/posts"}],"about":[{"href":"https:\/\/www.saloanoticias.com\/v1\/wp-json\/wp\/v2\/types\/post"}],"author":[{"embeddable":true,"href":"https:\/\/www.saloanoticias.com\/v1\/wp-json\/wp\/v2\/users\/2"}],"replies":[{"embeddable":true,"href":"https:\/\/www.saloanoticias.com\/v1\/wp-json\/wp\/v2\/comments?post=4286"}],"version-history":[{"count":1,"href":"https:\/\/www.saloanoticias.com\/v1\/wp-json\/wp\/v2\/posts\/4286\/revisions"}],"predecessor-version":[{"id":4288,"href":"https:\/\/www.saloanoticias.com\/v1\/wp-json\/wp\/v2\/posts\/4286\/revisions\/4288"}],"wp:featuredmedia":[{"embeddable":true,"href":"https:\/\/www.saloanoticias.com\/v1\/wp-json\/wp\/v2\/media\/4287"}],"wp:attachment":[{"href":"https:\/\/www.saloanoticias.com\/v1\/wp-json\/wp\/v2\/media?parent=4286"}],"wp:term":[{"taxonomy":"category","embeddable":true,"href":"https:\/\/www.saloanoticias.com\/v1\/wp-json\/wp\/v2\/categories?post=4286"},{"taxonomy":"post_tag","embeddable":true,"href":"https:\/\/www.saloanoticias.com\/v1\/wp-json\/wp\/v2\/tags?post=4286"}],"curies":[{"name":"wp","href":"https:\/\/api.w.org\/{rel}","templated":true}]}}