{"id":4273,"date":"2018-07-19T00:35:23","date_gmt":"2018-07-19T00:35:23","guid":{"rendered":"https:\/\/saloanoticias.com\/v1\/?p=4273"},"modified":"2018-07-19T01:51:56","modified_gmt":"2018-07-19T01:51:56","slug":"prefeito-ricardo-alves-inaugura-sistema-de-abastecimento-de-agua-e-psf-da-comunidade-varzea-da-serra","status":"publish","type":"post","link":"https:\/\/www.saloanoticias.com\/v1\/prefeito-ricardo-alves-inaugura-sistema-de-abastecimento-de-agua-e-psf-da-comunidade-varzea-da-serra\/","title":{"rendered":"PREFEITO RICARDO ALVES INAUGURA SISTEMA DE ABASTECIMENTO DE \u00c1GUA E PSF DA COMUNIDADE V\u00c1RZEA DA SERRA"},"content":{"rendered":"<p><iframe loading=\"lazy\" src=\"https:\/\/www.youtube.com\/embed\/8lS2bbWckA4\" width=\"100%\" height=\"480\" frameborder=\"0\" allowfullscreen=\"allowfullscreen\"><span data-mce-type=\"bookmark\" style=\"display: inline-block; width: 0px; overflow: hidden; line-height: 0;\" class=\"mce_SELRES_start\">\ufeff<\/span><\/iframe><\/p>\n<p style=\"text-align: justify; background: white; margin: 13.6pt 0cm 13.6pt 0cm;\"><span style=\"font-family: 'Arial','sans-serif'; color: black; background: white;\">O prefeito do Munic\u00edpio de Salo\u00e1, Sr. Manoel Ricardo de Andrade Lima Alves, inaugurou o PSF Ant\u00f4nio Alves de Souza e o Sistema de Abastecimento de \u00c1gua da Comunidade da V\u00e1rzea da Serra. Mesmo debaixo de muita chuva uma grande multid\u00e3o acompanhou este momento t\u00e3o importante. Nesta ocasi\u00e3o, Ricardo ainda anunciou a constru\u00e7\u00e3o de uma escola com os padr\u00f5es do FNDE. Confira a entrevista do gestor acima !<\/span><\/p>\n<div style=\"margin-top: 0px; margin-bottom: 0px;\" class=\"sharethis-inline-share-buttons\" ><\/div>","protected":false},"excerpt":{"rendered":"<p>\ufeff O prefeito do Munic\u00edpio de Salo\u00e1, Sr. Manoel Ricardo de Andrade Lima Alves, inaugurou o PSF Ant\u00f4nio Alves de Souza e o Sistema de Abastecimento de \u00c1gua da Comunidade da V\u00e1rzea da Serra. Mesmo debaixo de muita chuva uma grande multid\u00e3o acompanhou este momento t\u00e3o importante. Nesta ocasi\u00e3o, Ricardo ainda anunciou a constru\u00e7\u00e3o de [&hellip;]<\/p>\n","protected":false},"author":2,"featured_media":4274,"comment_status":"open","ping_status":"open","sticky":false,"template":"","format":"standard","meta":{"footnotes":""},"categories":[2],"tags":[],"class_list":["post-4273","post","type-post","status-publish","format-standard","has-post-thumbnail","hentry","category-noticias-do-dia"],"_links":{"self":[{"href":"https:\/\/www.saloanoticias.com\/v1\/wp-json\/wp\/v2\/posts\/4273","targetHints":{"allow":["GET"]}}],"collection":[{"href":"https:\/\/www.saloanoticias.com\/v1\/wp-json\/wp\/v2\/posts"}],"about":[{"href":"https:\/\/www.saloanoticias.com\/v1\/wp-json\/wp\/v2\/types\/post"}],"author":[{"embeddable":true,"href":"https:\/\/www.saloanoticias.com\/v1\/wp-json\/wp\/v2\/users\/2"}],"replies":[{"embeddable":true,"href":"https:\/\/www.saloanoticias.com\/v1\/wp-json\/wp\/v2\/comments?post=4273"}],"version-history":[{"count":7,"href":"https:\/\/www.saloanoticias.com\/v1\/wp-json\/wp\/v2\/posts\/4273\/revisions"}],"predecessor-version":[{"id":4282,"href":"https:\/\/www.saloanoticias.com\/v1\/wp-json\/wp\/v2\/posts\/4273\/revisions\/4282"}],"wp:featuredmedia":[{"embeddable":true,"href":"https:\/\/www.saloanoticias.com\/v1\/wp-json\/wp\/v2\/media\/4274"}],"wp:attachment":[{"href":"https:\/\/www.saloanoticias.com\/v1\/wp-json\/wp\/v2\/media?parent=4273"}],"wp:term":[{"taxonomy":"category","embeddable":true,"href":"https:\/\/www.saloanoticias.com\/v1\/wp-json\/wp\/v2\/categories?post=4273"},{"taxonomy":"post_tag","embeddable":true,"href":"https:\/\/www.saloanoticias.com\/v1\/wp-json\/wp\/v2\/tags?post=4273"}],"curies":[{"name":"wp","href":"https:\/\/api.w.org\/{rel}","templated":true}]}}