{"id":4268,"date":"2018-07-18T15:40:50","date_gmt":"2018-07-18T15:40:50","guid":{"rendered":"https:\/\/saloanoticias.com\/v1\/?p=4268"},"modified":"2018-07-18T15:44:46","modified_gmt":"2018-07-18T15:44:46","slug":"prefeitura-amplia-sistema-de-abastecimento-de-agua-do-sitio-catimbau","status":"publish","type":"post","link":"https:\/\/www.saloanoticias.com\/v1\/prefeitura-amplia-sistema-de-abastecimento-de-agua-do-sitio-catimbau\/","title":{"rendered":"PREFEITURA AMPLIA SISTEMA DE ABASTECIMENTO DE \u00c1GUA DO S\u00cdTIO CATIMBAU"},"content":{"rendered":"<p><img loading=\"lazy\" decoding=\"async\" width=\"1600\" height=\"900\" class=\"aligncenter size-full wp-image-4269\" src=\"https:\/\/saloanoticias.com\/v1\/wp-content\/uploads\/2018\/07\/Ascom-2.jpg\" alt=\"\" srcset=\"https:\/\/www.saloanoticias.com\/v1\/wp-content\/uploads\/2018\/07\/Ascom-2.jpg 1600w, https:\/\/www.saloanoticias.com\/v1\/wp-content\/uploads\/2018\/07\/Ascom-2-300x169.jpg 300w, https:\/\/www.saloanoticias.com\/v1\/wp-content\/uploads\/2018\/07\/Ascom-2-1024x576.jpg 1024w, https:\/\/www.saloanoticias.com\/v1\/wp-content\/uploads\/2018\/07\/Ascom-2-768x432.jpg 768w, https:\/\/www.saloanoticias.com\/v1\/wp-content\/uploads\/2018\/07\/Ascom-2-1536x864.jpg 1536w\" sizes=\"auto, (max-width: 1600px) 100vw, 1600px\" \/>A Prefeitura de Salo\u00e1 j\u00e1 iniciou as obras de amplia\u00e7\u00e3o do Sistema de Abastecimento de \u00c1gua do S\u00edtio Catimbau, obra que vai recuperar e aumentar a rede que j\u00e1 abastece as resid\u00eancias daquela comunidade. Segundo o respons\u00e1vel pelos trabalhos Manoel de Artur, m\u00e1quinas e homens seguem a todo vapor e muito em breve toda a comunidade estar\u00e1 totalmente abastecida e com \u00e1gua de qualidade, ser\u00e1 uma torneira na casa de cada morador.<\/p>\n<p>Recentemente o Prefeito Ricardo Alves (MDB) inaugurou o Sistema de Abastecimento de \u00c1gua da comunidade V\u00e1rzea da Serra, que nos dias de hoje abastece mais de 500 resid\u00eancias nos s\u00edtios vizinhos. \u00c1gua sempre foi um assunto constante na atual gest\u00e3o e ao que tudo indica continua sendo levado a s\u00e9rio a cada ano que se passa. <em><strong>Fonte: Ascom da Prefeitura Municipal de Salo\u00e1\/PE<\/strong><\/em><\/p>\n<div style=\"margin-top: 0px; margin-bottom: 0px;\" class=\"sharethis-inline-share-buttons\" ><\/div>","protected":false},"excerpt":{"rendered":"<p>A Prefeitura de Salo\u00e1 j\u00e1 iniciou as obras de amplia\u00e7\u00e3o do Sistema de Abastecimento de \u00c1gua do S\u00edtio Catimbau, obra que vai recuperar e aumentar a rede que j\u00e1 abastece as resid\u00eancias daquela comunidade. Segundo o respons\u00e1vel pelos trabalhos Manoel de Artur, m\u00e1quinas e homens seguem a todo vapor e muito em breve toda a [&hellip;]<\/p>\n","protected":false},"author":2,"featured_media":4269,"comment_status":"open","ping_status":"open","sticky":false,"template":"","format":"standard","meta":{"footnotes":""},"categories":[2],"tags":[],"class_list":["post-4268","post","type-post","status-publish","format-standard","has-post-thumbnail","hentry","category-noticias-do-dia"],"_links":{"self":[{"href":"https:\/\/www.saloanoticias.com\/v1\/wp-json\/wp\/v2\/posts\/4268","targetHints":{"allow":["GET"]}}],"collection":[{"href":"https:\/\/www.saloanoticias.com\/v1\/wp-json\/wp\/v2\/posts"}],"about":[{"href":"https:\/\/www.saloanoticias.com\/v1\/wp-json\/wp\/v2\/types\/post"}],"author":[{"embeddable":true,"href":"https:\/\/www.saloanoticias.com\/v1\/wp-json\/wp\/v2\/users\/2"}],"replies":[{"embeddable":true,"href":"https:\/\/www.saloanoticias.com\/v1\/wp-json\/wp\/v2\/comments?post=4268"}],"version-history":[{"count":3,"href":"https:\/\/www.saloanoticias.com\/v1\/wp-json\/wp\/v2\/posts\/4268\/revisions"}],"predecessor-version":[{"id":4272,"href":"https:\/\/www.saloanoticias.com\/v1\/wp-json\/wp\/v2\/posts\/4268\/revisions\/4272"}],"wp:featuredmedia":[{"embeddable":true,"href":"https:\/\/www.saloanoticias.com\/v1\/wp-json\/wp\/v2\/media\/4269"}],"wp:attachment":[{"href":"https:\/\/www.saloanoticias.com\/v1\/wp-json\/wp\/v2\/media?parent=4268"}],"wp:term":[{"taxonomy":"category","embeddable":true,"href":"https:\/\/www.saloanoticias.com\/v1\/wp-json\/wp\/v2\/categories?post=4268"},{"taxonomy":"post_tag","embeddable":true,"href":"https:\/\/www.saloanoticias.com\/v1\/wp-json\/wp\/v2\/tags?post=4268"}],"curies":[{"name":"wp","href":"https:\/\/api.w.org\/{rel}","templated":true}]}}