{"id":4258,"date":"2018-07-18T11:17:51","date_gmt":"2018-07-18T11:17:51","guid":{"rendered":"https:\/\/saloanoticias.com\/v1\/?p=4258"},"modified":"2018-07-19T01:21:19","modified_gmt":"2018-07-19T01:21:19","slug":"orquestra-menino-de-saloa-participa-de-festival-de-musica-de-belo-jardim","status":"publish","type":"post","link":"https:\/\/www.saloanoticias.com\/v1\/orquestra-menino-de-saloa-participa-de-festival-de-musica-de-belo-jardim\/","title":{"rendered":"ORQUESTRA MENINOS DE SALO\u00c1 PARTICIPA DE FESTIVAL DE M\u00daSICA DE BELO JARDIM"},"content":{"rendered":"<p><img loading=\"lazy\" decoding=\"async\" width=\"800\" height=\"445\" class=\"aligncenter size-full wp-image-4291\" src=\"https:\/\/saloanoticias.com\/v1\/wp-content\/uploads\/2018\/07\/Virtuosi-6-800x400-1.jpg\" alt=\"\" srcset=\"https:\/\/www.saloanoticias.com\/v1\/wp-content\/uploads\/2018\/07\/Virtuosi-6-800x400-1.jpg 800w, https:\/\/www.saloanoticias.com\/v1\/wp-content\/uploads\/2018\/07\/Virtuosi-6-800x400-1-300x167.jpg 300w, https:\/\/www.saloanoticias.com\/v1\/wp-content\/uploads\/2018\/07\/Virtuosi-6-800x400-1-768x427.jpg 768w\" sizes=\"auto, (max-width: 800px) 100vw, 800px\" \/>De\u00a0\u00a04 a 8 de julho, aconteceu na cidade de Belo Jardim\/PE o festival de m\u00fasica popular de Virtuose. Participaram desse aperfei\u00e7oamento os alunos da Orquestra Meninos de Salo\u00e1, Lucas Henrique e Isabella Souza, junto com o instrutor Davidson Wilker. Foram ministradas aulas de m\u00fasica e de instrumentos pelos professores da Universidade Federal da Para\u00edba &#8211; UFPB, todos mestres e doutores na \u00e1rea. As aulas foram realizadas no campus do IFPE (Instituto Federal de Pernambuco).<\/p>\n<p><img loading=\"lazy\" decoding=\"async\" class=\"aligncenter wp-image-4260\" src=\"https:\/\/saloanoticias.com\/v1\/wp-content\/uploads\/2018\/07\/Orquestra-1.jpg\" alt=\"\" width=\"759\" height=\"745\" srcset=\"https:\/\/www.saloanoticias.com\/v1\/wp-content\/uploads\/2018\/07\/Orquestra-1.jpg 535w, https:\/\/www.saloanoticias.com\/v1\/wp-content\/uploads\/2018\/07\/Orquestra-1-300x294.jpg 300w, https:\/\/www.saloanoticias.com\/v1\/wp-content\/uploads\/2018\/07\/Orquestra-1-80x80.jpg 80w\" sizes=\"auto, (max-width: 759px) 100vw, 759px\" \/><\/p>\n<p>Durante o dia e a noite os alunos vivenciaram momentos \u00fanicos em suas vidas, participando dos concertos dos grupos musicais que aconteciam na Catedral de Belo jardim. A Orquestra Meninos de Salo\u00e1 existe desde o in\u00edcio da primeira gest\u00e3o do Prefeito Ricardo Alves (MDB) e faz parte do servi\u00e7o de conviv\u00eancia e fortalecimento de v\u00ednculos &#8211; SCFV referenciado pelo Centro de Refer\u00eancia de Assist\u00eancia Social \u2013 CRAS e j\u00e1 realiza diversas apresenta\u00e7\u00f5es. Fonte: Ascom Salo\u00e1<\/p>\n<div style=\"margin-top: 0px; margin-bottom: 0px;\" class=\"sharethis-inline-share-buttons\" ><\/div>","protected":false},"excerpt":{"rendered":"<p>De\u00a0\u00a04 a 8 de julho, aconteceu na cidade de Belo Jardim\/PE o festival de m\u00fasica popular de Virtuose. Participaram desse aperfei\u00e7oamento os alunos da Orquestra Meninos de Salo\u00e1, Lucas Henrique e Isabella Souza, junto com o instrutor Davidson Wilker. Foram ministradas aulas de m\u00fasica e de instrumentos pelos professores da Universidade Federal da Para\u00edba &#8211; [&hellip;]<\/p>\n","protected":false},"author":2,"featured_media":4291,"comment_status":"open","ping_status":"open","sticky":false,"template":"","format":"standard","meta":{"footnotes":""},"categories":[2],"tags":[],"class_list":["post-4258","post","type-post","status-publish","format-standard","has-post-thumbnail","hentry","category-noticias-do-dia"],"_links":{"self":[{"href":"https:\/\/www.saloanoticias.com\/v1\/wp-json\/wp\/v2\/posts\/4258","targetHints":{"allow":["GET"]}}],"collection":[{"href":"https:\/\/www.saloanoticias.com\/v1\/wp-json\/wp\/v2\/posts"}],"about":[{"href":"https:\/\/www.saloanoticias.com\/v1\/wp-json\/wp\/v2\/types\/post"}],"author":[{"embeddable":true,"href":"https:\/\/www.saloanoticias.com\/v1\/wp-json\/wp\/v2\/users\/2"}],"replies":[{"embeddable":true,"href":"https:\/\/www.saloanoticias.com\/v1\/wp-json\/wp\/v2\/comments?post=4258"}],"version-history":[{"count":8,"href":"https:\/\/www.saloanoticias.com\/v1\/wp-json\/wp\/v2\/posts\/4258\/revisions"}],"predecessor-version":[{"id":4292,"href":"https:\/\/www.saloanoticias.com\/v1\/wp-json\/wp\/v2\/posts\/4258\/revisions\/4292"}],"wp:featuredmedia":[{"embeddable":true,"href":"https:\/\/www.saloanoticias.com\/v1\/wp-json\/wp\/v2\/media\/4291"}],"wp:attachment":[{"href":"https:\/\/www.saloanoticias.com\/v1\/wp-json\/wp\/v2\/media?parent=4258"}],"wp:term":[{"taxonomy":"category","embeddable":true,"href":"https:\/\/www.saloanoticias.com\/v1\/wp-json\/wp\/v2\/categories?post=4258"},{"taxonomy":"post_tag","embeddable":true,"href":"https:\/\/www.saloanoticias.com\/v1\/wp-json\/wp\/v2\/tags?post=4258"}],"curies":[{"name":"wp","href":"https:\/\/api.w.org\/{rel}","templated":true}]}}