{"id":4247,"date":"2018-07-17T22:29:37","date_gmt":"2018-07-17T22:29:37","guid":{"rendered":"https:\/\/saloanoticias.com\/v1\/?p=4247"},"modified":"2018-07-18T11:24:44","modified_gmt":"2018-07-18T11:24:44","slug":"danilo-cabral-protocola-emendas-a-medida-provisoria-do-saneamento","status":"publish","type":"post","link":"https:\/\/www.saloanoticias.com\/v1\/danilo-cabral-protocola-emendas-a-medida-provisoria-do-saneamento\/","title":{"rendered":"DANILO CABRAL PROTOCOLA EMENDAS \u00c0 MEDIDA PROVIS\u00d3RIA DO SANEAMENTO"},"content":{"rendered":"<p><img loading=\"lazy\" decoding=\"async\" class=\"alignright wp-image-4248 \" src=\"https:\/\/saloanoticias.com\/v1\/wp-content\/uploads\/2018\/07\/danilo-cabral-300x200.jpg\" alt=\"\" width=\"392\" height=\"261\" srcset=\"https:\/\/www.saloanoticias.com\/v1\/wp-content\/uploads\/2018\/07\/danilo-cabral-300x200.jpg 300w, https:\/\/www.saloanoticias.com\/v1\/wp-content\/uploads\/2018\/07\/danilo-cabral.jpg 640w\" sizes=\"auto, (max-width: 392px) 100vw, 392px\" \/>O deputado Danilo Cabral (PSB\/PE) protocolou, nesta ter\u00e7a-feira (17), emendas \u00e0 Medida Provis\u00f3ria n\u00ba 844, assinada por Michel Temer na semana passada. A MP \u201creforma\u201d\u00a0o marco legal do saneamento b\u00e1sico e \u00e9 considerada\u00a0inconstitucional e lesiva ao patrim\u00f4nio p\u00fablico. Uma das proposi\u00e7\u00f5es elaboradas pelo parlamentar estabelece que os reajustes de tarifas decorrentes da presta\u00e7\u00e3o de servi\u00e7os de saneamento b\u00e1sico sejam realizados uma \u00fanica vez ao ano, com divulga\u00e7\u00e3o no m\u00eas de dezembro, para que possa haver uma regulamenta\u00e7\u00e3o da cobran\u00e7a.<\/p>\n<p>A proposta de reajuste ainda dever\u00e1 ser submetida \u00e0 consulta p\u00fablica, realizada com no m\u00ednimo 30 dias de anteced\u00eancia a sua publica\u00e7\u00e3o em Di\u00e1rio Oficial. \u201c\u00c9 uma forma de estabelecer uma periodicidade e de permitir que o consumidor se organize. A popula\u00e7\u00e3o est\u00e1 sufocada com os aumentos das tarifas, como a de energia e dos combust\u00edveis, n\u00e3o se pode criar novas tarifas ou gerar reajustes que arrochem cada vez mais o bolso da popula\u00e7\u00e3o\u201d, afirma Danilo Cabral.<\/p>\n<p>O deputado \u00e9 autor de dois projetos de lei semelhantes a esta emenda, que tratam sobre as corre\u00e7\u00f5es nos pre\u00e7os do g\u00e1s e da gasolina.\u00a0Outra emenda \u00e0 MP 844 solicita a supress\u00e3o de um artigo que valoriza a iniciativa privada em detrimento das empresas p\u00fablicas, uma vez que as primeiras poder\u00e3o se concentrar em ter somente a concess\u00e3o dos grandes e mais rent\u00e1veis munic\u00edpios, deixando os pequenos e menos rent\u00e1veis para os estados.<\/p>\n<p>&#8220;Este tipo de condi\u00e7\u00e3o reduz as chances de realiza\u00e7\u00e3o de investimentos nos munic\u00edpios mais necessitados, considerando que, quando uma mesma empresa \u00e9 detentora das concess\u00f5es, o lucro aferido nos grandes munic\u00edpios viabiliza o investimento nos munic\u00edpios menores&#8221;, defende Danilo. A emenda 515, tamb\u00e9m apresentada, pede a exclus\u00e3o do artigo que visa a cria\u00e7\u00e3o de condi\u00e7\u00f5es para a privatiza\u00e7\u00e3o das empresas estaduais de saneamento b\u00e1sico, uma vez que essas n\u00e3o disp\u00f5em de ativos para venda.<\/p>\n<p>J\u00e1 emenda de n\u00famero 524 reconhece os quilombolas, que n\u00e3o est\u00e3o sendo tratados no texto da medida. Na \u00faltima quarta-feira (11), o deputado ingressou com uma a\u00e7\u00e3o popular contra a MP 844. Entre os questionamentos, ele aborda a atribui\u00e7\u00e3o da ANA (Ag\u00eancia Nacional de \u00c1guas) como reguladora federal do setor de saneamento; a mudan\u00e7a na forma de contrata\u00e7\u00e3o das concession\u00e1rias.<\/p>\n<p>&#8220;Essa medida fere o Pacto Federativo porque invade a compet\u00eancia dos estados e munic\u00edpios de presta\u00e7\u00e3o do servi\u00e7o&#8221;, explica o parlamentar. Al\u00e9m disso, Danilo est\u00e1 coletando assinaturas dos colegas parlamentares para a cria\u00e7\u00e3o da Frente em Defesa do Saneamento B\u00e1sico no Congresso Nacional. Ele espera instalar o colegiado ap\u00f3s a volta do recesso parlamentar, em agosto. <strong>Foto: Chico Ferreira<\/strong><\/p>\n<div style=\"margin-top: 0px; margin-bottom: 0px;\" class=\"sharethis-inline-share-buttons\" ><\/div>","protected":false},"excerpt":{"rendered":"<p>O deputado Danilo Cabral (PSB\/PE) protocolou, nesta ter\u00e7a-feira (17), emendas \u00e0 Medida Provis\u00f3ria n\u00ba 844, assinada por Michel Temer na semana passada. A MP \u201creforma\u201d\u00a0o marco legal do saneamento b\u00e1sico e \u00e9 considerada\u00a0inconstitucional e lesiva ao patrim\u00f4nio p\u00fablico. Uma das proposi\u00e7\u00f5es elaboradas pelo parlamentar estabelece que os reajustes de tarifas decorrentes da presta\u00e7\u00e3o de servi\u00e7os [&hellip;]<\/p>\n","protected":false},"author":2,"featured_media":4248,"comment_status":"open","ping_status":"open","sticky":false,"template":"","format":"standard","meta":{"footnotes":""},"categories":[2],"tags":[],"class_list":["post-4247","post","type-post","status-publish","format-standard","has-post-thumbnail","hentry","category-noticias-do-dia"],"_links":{"self":[{"href":"https:\/\/www.saloanoticias.com\/v1\/wp-json\/wp\/v2\/posts\/4247","targetHints":{"allow":["GET"]}}],"collection":[{"href":"https:\/\/www.saloanoticias.com\/v1\/wp-json\/wp\/v2\/posts"}],"about":[{"href":"https:\/\/www.saloanoticias.com\/v1\/wp-json\/wp\/v2\/types\/post"}],"author":[{"embeddable":true,"href":"https:\/\/www.saloanoticias.com\/v1\/wp-json\/wp\/v2\/users\/2"}],"replies":[{"embeddable":true,"href":"https:\/\/www.saloanoticias.com\/v1\/wp-json\/wp\/v2\/comments?post=4247"}],"version-history":[{"count":3,"href":"https:\/\/www.saloanoticias.com\/v1\/wp-json\/wp\/v2\/posts\/4247\/revisions"}],"predecessor-version":[{"id":4266,"href":"https:\/\/www.saloanoticias.com\/v1\/wp-json\/wp\/v2\/posts\/4247\/revisions\/4266"}],"wp:featuredmedia":[{"embeddable":true,"href":"https:\/\/www.saloanoticias.com\/v1\/wp-json\/wp\/v2\/media\/4248"}],"wp:attachment":[{"href":"https:\/\/www.saloanoticias.com\/v1\/wp-json\/wp\/v2\/media?parent=4247"}],"wp:term":[{"taxonomy":"category","embeddable":true,"href":"https:\/\/www.saloanoticias.com\/v1\/wp-json\/wp\/v2\/categories?post=4247"},{"taxonomy":"post_tag","embeddable":true,"href":"https:\/\/www.saloanoticias.com\/v1\/wp-json\/wp\/v2\/tags?post=4247"}],"curies":[{"name":"wp","href":"https:\/\/api.w.org\/{rel}","templated":true}]}}