{"id":4230,"date":"2018-07-17T16:34:12","date_gmt":"2018-07-17T16:34:12","guid":{"rendered":"https:\/\/saloanoticias.com\/?p=4230"},"modified":"2018-07-19T01:52:39","modified_gmt":"2018-07-19T01:52:39","slug":"4230","status":"publish","type":"post","link":"https:\/\/www.saloanoticias.com\/v1\/4230\/","title":{"rendered":"PREFEITO RICARDO ALVES FALA SOBRE AS INAUGURA\u00c7\u00d5ES REALIZADAS EM SALO\u00c1\/PE NESTE M\u00caS DE JULHO"},"content":{"rendered":"<p><iframe loading=\"lazy\" src=\"https:\/\/www.youtube.com\/embed\/RKJVmahPXcI\" width=\"100%\" height=\"480\" frameborder=\"0\" allowfullscreen=\"allowfullscreen\"><\/iframe><\/p>\n<p style=\"text-align: justify; background: white; margin: 13.6pt 0cm 13.6pt 0cm;\"><span style=\"font-family: 'Arial','sans-serif'; color: black; background: white;\">O prefeito do Munic\u00edpio de Salo\u00e1, Sr. Manoel Ricardo de Andrade Lima Alves, inaugurou neste m\u00eas de julho obras de grande import\u00e2ncia para os moradores saloaenses. Ele entregou \u00e0 popula\u00e7\u00e3o uma Casa de Apoio na cidade, um Aparelho de Raio X e o Centro de Fisioterapia que fica localizado na Rua Rold\u00e3o Ten\u00f3rio Cavalcante. Nesta ocasi\u00e3o, Ricardo ainda anunciou a constru\u00e7\u00e3o de uma escola com os padr\u00f5es do FNDE. Confira a entrevista da secret\u00e1ria de sa\u00fade e do gestor municipal acima !<\/span><\/p>\n<div style=\"margin-top: 0px; margin-bottom: 0px;\" class=\"sharethis-inline-share-buttons\" ><\/div>","protected":false},"excerpt":{"rendered":"<p>O prefeito do Munic\u00edpio de Salo\u00e1, Sr. Manoel Ricardo de Andrade Lima Alves, inaugurou neste m\u00eas de julho obras de grande import\u00e2ncia para os moradores saloaenses. Ele entregou \u00e0 popula\u00e7\u00e3o uma Casa de Apoio na cidade, um Aparelho de Raio X e o Centro de Fisioterapia que fica localizado na Rua Rold\u00e3o Ten\u00f3rio Cavalcante. Nesta [&hellip;]<\/p>\n","protected":false},"author":2,"featured_media":4218,"comment_status":"open","ping_status":"open","sticky":false,"template":"","format":"standard","meta":{"footnotes":""},"categories":[2],"tags":[],"class_list":["post-4230","post","type-post","status-publish","format-standard","has-post-thumbnail","hentry","category-noticias-do-dia"],"_links":{"self":[{"href":"https:\/\/www.saloanoticias.com\/v1\/wp-json\/wp\/v2\/posts\/4230","targetHints":{"allow":["GET"]}}],"collection":[{"href":"https:\/\/www.saloanoticias.com\/v1\/wp-json\/wp\/v2\/posts"}],"about":[{"href":"https:\/\/www.saloanoticias.com\/v1\/wp-json\/wp\/v2\/types\/post"}],"author":[{"embeddable":true,"href":"https:\/\/www.saloanoticias.com\/v1\/wp-json\/wp\/v2\/users\/2"}],"replies":[{"embeddable":true,"href":"https:\/\/www.saloanoticias.com\/v1\/wp-json\/wp\/v2\/comments?post=4230"}],"version-history":[{"count":21,"href":"https:\/\/www.saloanoticias.com\/v1\/wp-json\/wp\/v2\/posts\/4230\/revisions"}],"predecessor-version":[{"id":4297,"href":"https:\/\/www.saloanoticias.com\/v1\/wp-json\/wp\/v2\/posts\/4230\/revisions\/4297"}],"wp:featuredmedia":[{"embeddable":true,"href":"https:\/\/www.saloanoticias.com\/v1\/wp-json\/wp\/v2\/media\/4218"}],"wp:attachment":[{"href":"https:\/\/www.saloanoticias.com\/v1\/wp-json\/wp\/v2\/media?parent=4230"}],"wp:term":[{"taxonomy":"category","embeddable":true,"href":"https:\/\/www.saloanoticias.com\/v1\/wp-json\/wp\/v2\/categories?post=4230"},{"taxonomy":"post_tag","embeddable":true,"href":"https:\/\/www.saloanoticias.com\/v1\/wp-json\/wp\/v2\/tags?post=4230"}],"curies":[{"name":"wp","href":"https:\/\/api.w.org\/{rel}","templated":true}]}}