{"id":4213,"date":"2018-07-17T15:51:00","date_gmt":"2018-07-17T15:51:00","guid":{"rendered":"https:\/\/saloanoticias.com\/?p=4213"},"modified":"2018-07-18T00:02:43","modified_gmt":"2018-07-18T00:02:43","slug":"prefeitura-de-saloa-inaugura-psf-centro-de-fisioterapia-e-casa-de-apoio-em","status":"publish","type":"post","link":"https:\/\/www.saloanoticias.com\/v1\/prefeitura-de-saloa-inaugura-psf-centro-de-fisioterapia-e-casa-de-apoio-em\/","title":{"rendered":"PREFEITURA DE SALO\u00c1 INAUGURA PSF, CENTRO DE FISIOTERAPIA E CASA DE APOIO"},"content":{"rendered":"<p><img loading=\"lazy\" decoding=\"async\" width=\"1600\" height=\"900\" class=\"aligncenter size-full wp-image-4214\" src=\"https:\/\/saloanoticias.com\/v1\/wp-content\/uploads\/2018\/07\/Apoio.jpg\" alt=\"\" srcset=\"https:\/\/www.saloanoticias.com\/v1\/wp-content\/uploads\/2018\/07\/Apoio.jpg 1600w, https:\/\/www.saloanoticias.com\/v1\/wp-content\/uploads\/2018\/07\/Apoio-300x169.jpg 300w, https:\/\/www.saloanoticias.com\/v1\/wp-content\/uploads\/2018\/07\/Apoio-1024x576.jpg 1024w, https:\/\/www.saloanoticias.com\/v1\/wp-content\/uploads\/2018\/07\/Apoio-768x432.jpg 768w, https:\/\/www.saloanoticias.com\/v1\/wp-content\/uploads\/2018\/07\/Apoio-1536x864.jpg 1536w\" sizes=\"auto, (max-width: 1600px) 100vw, 1600px\" \/>A manh\u00e3 desta quinta-feira (12\/07) foi marcada por diversas inaugura\u00e7\u00f5es no munic\u00edpio de Salo\u00e1\/PE, obras de grande import\u00e2ncia para toda a popula\u00e7\u00e3o. As inaugura\u00e7\u00f5es come\u00e7aram pelo Centro Municipal de Fisioterapia, que atende por m\u00eas mais de 500 pacientes. As salas s\u00e3o bem equipadas e possuem profissionais capacitados para o atendimento.<\/p>\n<p><img loading=\"lazy\" decoding=\"async\" width=\"1600\" height=\"900\" class=\"aligncenter size-full wp-image-4217\" src=\"https:\/\/saloanoticias.com\/v1\/wp-content\/uploads\/2018\/07\/Prefeito.jpg\" alt=\"\" srcset=\"https:\/\/www.saloanoticias.com\/v1\/wp-content\/uploads\/2018\/07\/Prefeito.jpg 1600w, https:\/\/www.saloanoticias.com\/v1\/wp-content\/uploads\/2018\/07\/Prefeito-300x169.jpg 300w, https:\/\/www.saloanoticias.com\/v1\/wp-content\/uploads\/2018\/07\/Prefeito-1024x576.jpg 1024w, https:\/\/www.saloanoticias.com\/v1\/wp-content\/uploads\/2018\/07\/Prefeito-768x432.jpg 768w, https:\/\/www.saloanoticias.com\/v1\/wp-content\/uploads\/2018\/07\/Prefeito-1536x864.jpg 1536w\" sizes=\"auto, (max-width: 1600px) 100vw, 1600px\" \/><\/p>\n<p>Em seguida foi inaugurado a Sala de Raio-X municipal, que fica no Hospital Josina Godoy, com equipamentos de \u00faltima gera\u00e7\u00e3o que v\u00e3o beneficiar muito a popula\u00e7\u00e3o de Salo\u00e1, que agora n\u00e3o precisa mais se deslocar para outros munic\u00edpios para realizar um Raio X.<\/p>\n<p><img loading=\"lazy\" decoding=\"async\" width=\"1600\" height=\"900\" class=\"aligncenter size-full wp-image-4218\" src=\"https:\/\/saloanoticias.com\/v1\/wp-content\/uploads\/2018\/07\/Centro.jpg\" alt=\"\" srcset=\"https:\/\/www.saloanoticias.com\/v1\/wp-content\/uploads\/2018\/07\/Centro.jpg 1600w, https:\/\/www.saloanoticias.com\/v1\/wp-content\/uploads\/2018\/07\/Centro-300x169.jpg 300w, https:\/\/www.saloanoticias.com\/v1\/wp-content\/uploads\/2018\/07\/Centro-1024x576.jpg 1024w, https:\/\/www.saloanoticias.com\/v1\/wp-content\/uploads\/2018\/07\/Centro-768x432.jpg 768w, https:\/\/www.saloanoticias.com\/v1\/wp-content\/uploads\/2018\/07\/Centro-1536x864.jpg 1536w\" sizes=\"auto, (max-width: 1600px) 100vw, 1600px\" \/><\/p>\n<p>E para encerrar as atividades foi inaugurada a Casa de Apoio, para que os pacientes que fazem seus tratamentos em Garanhuns, Caruaru e Recife e moram na Zona Rural possam se alimentar, descansar (dormir) antes de viajar para realizar seu tratamento.<\/p>\n<p><img loading=\"lazy\" decoding=\"async\" width=\"1600\" height=\"900\" class=\"aligncenter size-full wp-image-4219\" src=\"https:\/\/saloanoticias.com\/v1\/wp-content\/uploads\/2018\/07\/Raiox.jpg\" alt=\"\" srcset=\"https:\/\/www.saloanoticias.com\/v1\/wp-content\/uploads\/2018\/07\/Raiox.jpg 1600w, https:\/\/www.saloanoticias.com\/v1\/wp-content\/uploads\/2018\/07\/Raiox-300x169.jpg 300w, https:\/\/www.saloanoticias.com\/v1\/wp-content\/uploads\/2018\/07\/Raiox-1024x576.jpg 1024w, https:\/\/www.saloanoticias.com\/v1\/wp-content\/uploads\/2018\/07\/Raiox-768x432.jpg 768w, https:\/\/www.saloanoticias.com\/v1\/wp-content\/uploads\/2018\/07\/Raiox-1536x864.jpg 1536w\" sizes=\"auto, (max-width: 1600px) 100vw, 1600px\" \/><\/p>\n<p>O Prefeito Ricardo Alves (MDB) falou da sua felicidade em poder est\u00e1 entregando \u00e0 popula\u00e7\u00e3o essas tr\u00eas obras de t\u00e3o grande import\u00e2ncia para o Munic\u00edpio. O nosso povo precisa de aten\u00e7\u00e3o, e esse governo se preocupa com a nossa popula\u00e7\u00e3o, e vamos fazer mais! Em Salo\u00e1 as obras n\u00e3o param, disse o Prefeito Ricardo em suas palavras. <strong>Ascom Salo\u00e1\/PE<\/strong><\/p>\n<div style=\"margin-top: 0px; margin-bottom: 0px;\" class=\"sharethis-inline-share-buttons\" ><\/div>","protected":false},"excerpt":{"rendered":"<p>A manh\u00e3 desta quinta-feira (12\/07) foi marcada por diversas inaugura\u00e7\u00f5es no munic\u00edpio de Salo\u00e1\/PE, obras de grande import\u00e2ncia para toda a popula\u00e7\u00e3o. As inaugura\u00e7\u00f5es come\u00e7aram pelo Centro Municipal de Fisioterapia, que atende por m\u00eas mais de 500 pacientes. As salas s\u00e3o bem equipadas e possuem profissionais capacitados para o atendimento. Em seguida foi inaugurado a [&hellip;]<\/p>\n","protected":false},"author":2,"featured_media":4214,"comment_status":"open","ping_status":"open","sticky":false,"template":"","format":"standard","meta":{"footnotes":""},"categories":[2],"tags":[],"class_list":["post-4213","post","type-post","status-publish","format-standard","has-post-thumbnail","hentry","category-noticias-do-dia"],"_links":{"self":[{"href":"https:\/\/www.saloanoticias.com\/v1\/wp-json\/wp\/v2\/posts\/4213","targetHints":{"allow":["GET"]}}],"collection":[{"href":"https:\/\/www.saloanoticias.com\/v1\/wp-json\/wp\/v2\/posts"}],"about":[{"href":"https:\/\/www.saloanoticias.com\/v1\/wp-json\/wp\/v2\/types\/post"}],"author":[{"embeddable":true,"href":"https:\/\/www.saloanoticias.com\/v1\/wp-json\/wp\/v2\/users\/2"}],"replies":[{"embeddable":true,"href":"https:\/\/www.saloanoticias.com\/v1\/wp-json\/wp\/v2\/comments?post=4213"}],"version-history":[{"count":12,"href":"https:\/\/www.saloanoticias.com\/v1\/wp-json\/wp\/v2\/posts\/4213\/revisions"}],"predecessor-version":[{"id":4253,"href":"https:\/\/www.saloanoticias.com\/v1\/wp-json\/wp\/v2\/posts\/4213\/revisions\/4253"}],"wp:featuredmedia":[{"embeddable":true,"href":"https:\/\/www.saloanoticias.com\/v1\/wp-json\/wp\/v2\/media\/4214"}],"wp:attachment":[{"href":"https:\/\/www.saloanoticias.com\/v1\/wp-json\/wp\/v2\/media?parent=4213"}],"wp:term":[{"taxonomy":"category","embeddable":true,"href":"https:\/\/www.saloanoticias.com\/v1\/wp-json\/wp\/v2\/categories?post=4213"},{"taxonomy":"post_tag","embeddable":true,"href":"https:\/\/www.saloanoticias.com\/v1\/wp-json\/wp\/v2\/tags?post=4213"}],"curies":[{"name":"wp","href":"https:\/\/api.w.org\/{rel}","templated":true}]}}