{"id":4185,"date":"2018-07-17T11:44:39","date_gmt":"2018-07-17T11:44:39","guid":{"rendered":"https:\/\/saloanoticias.com\/?p=4185"},"modified":"2018-07-18T01:06:53","modified_gmt":"2018-07-18T01:06:53","slug":"escolas-realizam-arraia-na-serrinha-da-prata","status":"publish","type":"post","link":"https:\/\/www.saloanoticias.com\/v1\/escolas-realizam-arraia-na-serrinha-da-prata\/","title":{"rendered":"ESCOLAS DA ZONA RURAL REALIZAM ARRAI\u00c1 NO POVOADO SERRINHA DA PRATA"},"content":{"rendered":"<p><img loading=\"lazy\" decoding=\"async\" width=\"1280\" height=\"960\" class=\"aligncenter size-full wp-image-4186\" src=\"https:\/\/saloanoticias.com\/v1\/wp-content\/uploads\/2018\/07\/Foto.jpg\" alt=\"\" srcset=\"https:\/\/www.saloanoticias.com\/v1\/wp-content\/uploads\/2018\/07\/Foto.jpg 1280w, https:\/\/www.saloanoticias.com\/v1\/wp-content\/uploads\/2018\/07\/Foto-300x225.jpg 300w, https:\/\/www.saloanoticias.com\/v1\/wp-content\/uploads\/2018\/07\/Foto-1024x768.jpg 1024w, https:\/\/www.saloanoticias.com\/v1\/wp-content\/uploads\/2018\/07\/Foto-768x576.jpg 768w\" sizes=\"auto, (max-width: 1280px) 100vw, 1280px\" \/>Na \u00faltima quinta-feira (05\/07), aconteceu o Arrai\u00e1 das Escolas da Serrinha da Prata na quadra poliesportiva da comunidade. O evento foi promovido pela equipe das escolas: Monsenhor Alfredo D\u00e2maso e Vicente Alves de Barros juntamente com a Secretaria de Educa\u00e7\u00e3o, na pessoa de Jaqueline Bezerra da Silva, Coordenadora das escolas mencionadas.<\/p>\n<p>A festa contou com a presen\u00e7a de toda a popula\u00e7\u00e3o local e regi\u00e3o. Professores e alunos\u00a0 agradecem a todos que prestigiaram o evento, ao mesmo tempo em que agradece e a Prefeitura Municipal de Salo\u00e1 pelo total apoio na realiza\u00e7\u00e3o do evento, mantendo as tradi\u00e7\u00f5es culturais do nosso povo. Ascom Salo\u00e1 (texto e fotos: Fellipe Gomes)<\/p>\n<div style=\"margin-top: 0px; margin-bottom: 0px;\" class=\"sharethis-inline-share-buttons\" ><\/div>","protected":false},"excerpt":{"rendered":"<p>Na \u00faltima quinta-feira (05\/07), aconteceu o Arrai\u00e1 das Escolas da Serrinha da Prata na quadra poliesportiva da comunidade. O evento foi promovido pela equipe das escolas: Monsenhor Alfredo D\u00e2maso e Vicente Alves de Barros juntamente com a Secretaria de Educa\u00e7\u00e3o, na pessoa de Jaqueline Bezerra da Silva, Coordenadora das escolas mencionadas. A festa contou com [&hellip;]<\/p>\n","protected":false},"author":2,"featured_media":4186,"comment_status":"open","ping_status":"open","sticky":false,"template":"","format":"standard","meta":{"footnotes":""},"categories":[2],"tags":[],"class_list":["post-4185","post","type-post","status-publish","format-standard","has-post-thumbnail","hentry","category-noticias-do-dia"],"_links":{"self":[{"href":"https:\/\/www.saloanoticias.com\/v1\/wp-json\/wp\/v2\/posts\/4185","targetHints":{"allow":["GET"]}}],"collection":[{"href":"https:\/\/www.saloanoticias.com\/v1\/wp-json\/wp\/v2\/posts"}],"about":[{"href":"https:\/\/www.saloanoticias.com\/v1\/wp-json\/wp\/v2\/types\/post"}],"author":[{"embeddable":true,"href":"https:\/\/www.saloanoticias.com\/v1\/wp-json\/wp\/v2\/users\/2"}],"replies":[{"embeddable":true,"href":"https:\/\/www.saloanoticias.com\/v1\/wp-json\/wp\/v2\/comments?post=4185"}],"version-history":[{"count":2,"href":"https:\/\/www.saloanoticias.com\/v1\/wp-json\/wp\/v2\/posts\/4185\/revisions"}],"predecessor-version":[{"id":4257,"href":"https:\/\/www.saloanoticias.com\/v1\/wp-json\/wp\/v2\/posts\/4185\/revisions\/4257"}],"wp:featuredmedia":[{"embeddable":true,"href":"https:\/\/www.saloanoticias.com\/v1\/wp-json\/wp\/v2\/media\/4186"}],"wp:attachment":[{"href":"https:\/\/www.saloanoticias.com\/v1\/wp-json\/wp\/v2\/media?parent=4185"}],"wp:term":[{"taxonomy":"category","embeddable":true,"href":"https:\/\/www.saloanoticias.com\/v1\/wp-json\/wp\/v2\/categories?post=4185"},{"taxonomy":"post_tag","embeddable":true,"href":"https:\/\/www.saloanoticias.com\/v1\/wp-json\/wp\/v2\/tags?post=4185"}],"curies":[{"name":"wp","href":"https:\/\/api.w.org\/{rel}","templated":true}]}}