{"id":4179,"date":"2018-07-17T02:48:58","date_gmt":"2018-07-17T02:48:58","guid":{"rendered":"https:\/\/saloanoticias.com\/?p=4179"},"modified":"2018-07-17T17:22:12","modified_gmt":"2018-07-17T17:22:12","slug":"pre-candidato-a-deputado-estadual-damasio-cardoso-recebe-apoio-da-assembleia-de-deus-adoracao","status":"publish","type":"post","link":"https:\/\/www.saloanoticias.com\/v1\/pre-candidato-a-deputado-estadual-damasio-cardoso-recebe-apoio-da-assembleia-de-deus-adoracao\/","title":{"rendered":"PR\u00c9-CANDIDATO A DEPUTADO ESTADUAL DAM\u00c1SIO CARDOSO RECEBE APOIO DA ASSEMBLEIA DE DEUS ADORA\u00c7\u00c3O"},"content":{"rendered":"<p><img loading=\"lazy\" decoding=\"async\" class=\"wp-image-4180 size-full aligncenter\" src=\"https:\/\/saloanoticias.com\/v1\/wp-content\/uploads\/2018\/07\/damasio-ministerio-adoracao.jpg\" alt=\"\" width=\"1280\" height=\"960\" \/><\/p>\n<p>O pr\u00e9-candidato a deputado Estadual Dam\u00e1sio Cardoso (Patriotas), recebeu importante apoio de membros da Igreja Assembleia de Deus \u2013 Minist\u00e9rio Adora\u00e7\u00e3o, em todo o estado. No \u00faltimo s\u00e1bado (14.07) ele esteve na cidade de Limoeiro participando de uma reuni\u00e3o com membros da igreja, na ocasi\u00e3o foi recebido pelo Pastor Presidente Severino do Ramos F. Silva e por v\u00e1rios l\u00edderes da denomina\u00e7\u00e3o aqui de Pernambuco.\u00a0 \u00a0objetivo da visita foi alinhar apoiamento \u00e0s quest\u00f5es e objetivos do plano de atua\u00e7\u00e3o parlamentar do pr\u00e9-candidato a uma cadeira na assembl\u00e9ia Legislativa, que vem ganhando adeptos no estado. Outro tema tratado foi a import\u00e2ncia da igreja ter um representante na pol\u00edtica.<\/p>\n<p>Na avalia\u00e7\u00e3o dos membros presentes a busca para ter um representante na pol\u00edtica \u00e9 um dever da igreja e de todos que lutam por uma sociedade diferente, embasada no equil\u00edbrio da distribui\u00e7\u00e3o de renda compat\u00edvel com a realidade das pessoas. Projetos que envolvem e ajudam a comunidade como um todo, s\u00e3o coisas que a Igreja j\u00e1 faz; mas, por meio da pol\u00edtica o trabalho social desenvolvido pela institui\u00e7\u00e3o religiosa ter\u00e1 uma condi\u00e7\u00e3o melhor para uma abrang\u00eancia maior.<\/p>\n<p>Na avalia\u00e7\u00e3o dos pastores presentes ao encontro, ter um leg\u00edtimo representante do Minist\u00e9rio Adora\u00e7\u00e3o na pol\u00edtica \u00e9 importante. E apoiar Dam\u00e1sio Cardoso como pr\u00e9-candidato \u00e9 estar com algu\u00e9m que todos j\u00e1 conhecem. <em>\u201cEu vejo que o povo evang\u00e9lico tem tomado mais consci\u00eancia que o nosso papel \u00e9 tamb\u00e9m pol\u00edtico como igreja e o irm\u00e3o Dam\u00e1sio \u00e9 algu\u00e9m que j\u00e1 est\u00e1 envolvido na igreja, conhece todos os procedimentos crist\u00e3os na pol\u00edtica. Com certeza, como deputado estadual ele far\u00e1 um excelente trabalho, n\u00e3o s\u00f3 pelo povo evang\u00e9lico, mas pela comunidade como um todo\u201d,<\/em> avaliou o Pastor Severino Ramos.<\/p>\n<p>Ao final do encontro ficou firmado o compromisso dos pastores presentes de Barreiros, Ribeir\u00e3o, Rio Formoso, Tamandar\u00e9, Santa Cruz do Capibaribe, Serra Talhada, Limoeiro, Lagoa do Carro, Recife, Cabo de Santo Agostinho, Carpina, Camaragibe e S\u00e3o Louren\u00e7o da Mata em defender e apoiar a pr\u00e9-candidatura de Dam\u00e1sio Cardoso. \u00a0<strong>A Igreja Evang\u00e9lica Assembleia de Deus &#8211; Minist\u00e9rio Adora\u00e7\u00e3o tem sua sede em Recife.<\/strong><\/p>\n<div style=\"margin-top: 0px; margin-bottom: 0px;\" class=\"sharethis-inline-share-buttons\" ><\/div>","protected":false},"excerpt":{"rendered":"<p>O pr\u00e9-candidato a deputado Estadual Dam\u00e1sio Cardoso (Patriotas), recebeu importante apoio de membros da Igreja Assembleia de Deus \u2013 Minist\u00e9rio Adora\u00e7\u00e3o, em todo o estado. No \u00faltimo s\u00e1bado (14.07) ele esteve na cidade de Limoeiro participando de uma reuni\u00e3o com membros da igreja, na ocasi\u00e3o foi recebido pelo Pastor Presidente Severino do Ramos F. Silva [&hellip;]<\/p>\n","protected":false},"author":2,"featured_media":4180,"comment_status":"open","ping_status":"open","sticky":false,"template":"","format":"standard","meta":{"footnotes":""},"categories":[2],"tags":[],"class_list":["post-4179","post","type-post","status-publish","format-standard","has-post-thumbnail","hentry","category-noticias-do-dia"],"_links":{"self":[{"href":"https:\/\/www.saloanoticias.com\/v1\/wp-json\/wp\/v2\/posts\/4179","targetHints":{"allow":["GET"]}}],"collection":[{"href":"https:\/\/www.saloanoticias.com\/v1\/wp-json\/wp\/v2\/posts"}],"about":[{"href":"https:\/\/www.saloanoticias.com\/v1\/wp-json\/wp\/v2\/types\/post"}],"author":[{"embeddable":true,"href":"https:\/\/www.saloanoticias.com\/v1\/wp-json\/wp\/v2\/users\/2"}],"replies":[{"embeddable":true,"href":"https:\/\/www.saloanoticias.com\/v1\/wp-json\/wp\/v2\/comments?post=4179"}],"version-history":[{"count":4,"href":"https:\/\/www.saloanoticias.com\/v1\/wp-json\/wp\/v2\/posts\/4179\/revisions"}],"predecessor-version":[{"id":4182,"href":"https:\/\/www.saloanoticias.com\/v1\/wp-json\/wp\/v2\/posts\/4179\/revisions\/4182"}],"wp:featuredmedia":[{"embeddable":true,"href":"https:\/\/www.saloanoticias.com\/v1\/wp-json\/wp\/v2\/media\/4180"}],"wp:attachment":[{"href":"https:\/\/www.saloanoticias.com\/v1\/wp-json\/wp\/v2\/media?parent=4179"}],"wp:term":[{"taxonomy":"category","embeddable":true,"href":"https:\/\/www.saloanoticias.com\/v1\/wp-json\/wp\/v2\/categories?post=4179"},{"taxonomy":"post_tag","embeddable":true,"href":"https:\/\/www.saloanoticias.com\/v1\/wp-json\/wp\/v2\/tags?post=4179"}],"curies":[{"name":"wp","href":"https:\/\/api.w.org\/{rel}","templated":true}]}}