{"id":4126,"date":"2018-07-09T12:42:00","date_gmt":"2018-07-09T12:42:00","guid":{"rendered":"https:\/\/saloanoticias.mrmediaweb.com\/v1\/2018\/07\/09\/pt-e-psb-continuam-negociando-alianca-em-pernambuco\/"},"modified":"2018-07-18T00:10:03","modified_gmt":"2018-07-18T00:10:03","slug":"pt-e-psb-continuam-negociando-alianca-em-pernambuco","status":"publish","type":"post","link":"https:\/\/www.saloanoticias.com\/v1\/pt-e-psb-continuam-negociando-alianca-em-pernambuco\/","title":{"rendered":"PT E PSB CONTINUAM CONVERSANDO SOBRE ALIAN\u00c7A EM PERNAMBUCO"},"content":{"rendered":"<p><img loading=\"lazy\" decoding=\"async\" class=\"alignleft  wp-image-4204\" src=\"https:\/\/saloanoticias.com\/v1\/wp-content\/uploads\/2018\/07\/Paulo-Camara-300x200.jpg\" alt=\"\" width=\"225\" height=\"150\" \/>O governador de Pernambuco, Paulo C\u00e2mara (PSB), n\u00e3o deu muita import\u00e2ncia ao fato de o ex-presidente Lula ter dito \u2013 por meio do ex-presidente nacional do PT, Rui Falc\u00e3o e do l\u00edder do MST, Jo\u00e3o Pedro St\u00e9dile \u2013 que gostaria de apoiar a vereadora Mar\u00edlia Arraes (PT) para o governo estadual. \u201cEnquanto tiver conversas entre PSB e PT, n\u00e3o h\u00e1 porque ficar falando de uma quest\u00e3o que mais para frente pode ser que n\u00e3o se confirme. N\u00e3o me incomoda, vou continuar trabalhando. Tem muito tempo para a gente discutir\u201d, disse o governador pernambucano que \u00e9 candidato \u00e0 reelei\u00e7\u00e3o.<\/p>\n<p>Pr\u00f3xima quarta-feira (11), est\u00e1 pr\u00e9-agendada uma nova reuni\u00e3o entre os presidentes nacionais dos dois partidos, Gleisi Hoffmann (PE) e Carlos Siqueira (PSB) para tratar mais uma vez da elei\u00e7\u00e3o de Pernambuco. \u201cA gente j\u00e1 construiu alian\u00e7as importantes para 2018 com partidos que t\u00eam nos ajudado. O que a gente puder agregar at\u00e9 l\u00e1, \u00f3timo. Se n\u00e3o for poss\u00edvel, vamos disputar com as nossas for\u00e7as\u201d, disse o governador. Gleisi Hoffmann admite o apoio do PT a Paulo C\u00e2mara desde que os dois partidos celebrem uma alian\u00e7a no plano nacional. Do contr\u00e1rio, cada qual seguir\u00e1 seu rumo.<\/p>\n<div style=\"margin-top: 0px; margin-bottom: 0px;\" class=\"sharethis-inline-share-buttons\" ><\/div>","protected":false},"excerpt":{"rendered":"<p>O governador de Pernambuco, Paulo C\u00e2mara (PSB), n\u00e3o deu muita import\u00e2ncia ao fato de o ex-presidente Lula ter dito \u2013 por meio do ex-presidente nacional do PT, Rui Falc\u00e3o e do l\u00edder do MST, Jo\u00e3o Pedro St\u00e9dile \u2013 que gostaria de apoiar a vereadora Mar\u00edlia Arraes (PT) para o governo estadual. \u201cEnquanto tiver conversas entre [&hellip;]<\/p>\n","protected":false},"author":1,"featured_media":4204,"comment_status":"open","ping_status":"open","sticky":false,"template":"","format":"standard","meta":{"footnotes":""},"categories":[2],"tags":[],"class_list":["post-4126","post","type-post","status-publish","format-standard","has-post-thumbnail","hentry","category-noticias-do-dia"],"_links":{"self":[{"href":"https:\/\/www.saloanoticias.com\/v1\/wp-json\/wp\/v2\/posts\/4126","targetHints":{"allow":["GET"]}}],"collection":[{"href":"https:\/\/www.saloanoticias.com\/v1\/wp-json\/wp\/v2\/posts"}],"about":[{"href":"https:\/\/www.saloanoticias.com\/v1\/wp-json\/wp\/v2\/types\/post"}],"author":[{"embeddable":true,"href":"https:\/\/www.saloanoticias.com\/v1\/wp-json\/wp\/v2\/users\/1"}],"replies":[{"embeddable":true,"href":"https:\/\/www.saloanoticias.com\/v1\/wp-json\/wp\/v2\/comments?post=4126"}],"version-history":[{"count":8,"href":"https:\/\/www.saloanoticias.com\/v1\/wp-json\/wp\/v2\/posts\/4126\/revisions"}],"predecessor-version":[{"id":4254,"href":"https:\/\/www.saloanoticias.com\/v1\/wp-json\/wp\/v2\/posts\/4126\/revisions\/4254"}],"wp:featuredmedia":[{"embeddable":true,"href":"https:\/\/www.saloanoticias.com\/v1\/wp-json\/wp\/v2\/media\/4204"}],"wp:attachment":[{"href":"https:\/\/www.saloanoticias.com\/v1\/wp-json\/wp\/v2\/media?parent=4126"}],"wp:term":[{"taxonomy":"category","embeddable":true,"href":"https:\/\/www.saloanoticias.com\/v1\/wp-json\/wp\/v2\/categories?post=4126"},{"taxonomy":"post_tag","embeddable":true,"href":"https:\/\/www.saloanoticias.com\/v1\/wp-json\/wp\/v2\/tags?post=4126"}],"curies":[{"name":"wp","href":"https:\/\/api.w.org\/{rel}","templated":true}]}}