{"id":4125,"date":"2018-07-08T13:38:00","date_gmt":"2018-07-08T13:38:00","guid":{"rendered":"https:\/\/saloanoticias.mrmediaweb.com\/v1\/2018\/07\/08\/igreja-assembleia-de-deus-em-saloa-pe-realiza-congresso-de-jovens-nos-dias-20-21-e-22\/"},"modified":"2018-07-16T22:40:27","modified_gmt":"2018-07-16T22:40:27","slug":"igreja-assembleia-de-deus-em-saloa-pe-realiza-congresso-de-jovens-nos-dias-20-21-e-22","status":"publish","type":"post","link":"https:\/\/www.saloanoticias.com\/v1\/igreja-assembleia-de-deus-em-saloa-pe-realiza-congresso-de-jovens-nos-dias-20-21-e-22\/","title":{"rendered":"IGREJA ASSEMBLEIA DE DEUS EM SALO\u00c1\/PE REALIZA CONGRESSO DE JOVENS NOS DIAS 20, 21 E 22 DE JULHO"},"content":{"rendered":"<p align=\"justify\"><span style=\"font-family: Arial; font-size: medium;\"><img loading=\"lazy\" decoding=\"async\" width=\"1024\" height=\"735\" class=\"size-large wp-image-4142 aligncenter\" src=\"https:\/\/saloanoticias.com\/v1\/wp-content\/uploads\/2018\/07\/assembleia-1024x735.jpg\" alt=\"\" srcset=\"https:\/\/www.saloanoticias.com\/v1\/wp-content\/uploads\/2018\/07\/assembleia-1024x735.jpg 1024w, https:\/\/www.saloanoticias.com\/v1\/wp-content\/uploads\/2018\/07\/assembleia-300x215.jpg 300w, https:\/\/www.saloanoticias.com\/v1\/wp-content\/uploads\/2018\/07\/assembleia-768x551.jpg 768w, https:\/\/www.saloanoticias.com\/v1\/wp-content\/uploads\/2018\/07\/assembleia.jpg 1463w\" sizes=\"auto, (max-width: 1024px) 100vw, 1024px\" \/>A Igreja Evang\u00e9lica Assembleia de Deus em Salo\u00e1\/PE, realizar\u00e1 nos dias 20, 21 e 22 de julho o 7\u00ba Congresso de Mocidade com o tema: \u201cJovens Cheios do Esp\u00edrito Santo\u201d, texto de Atos 2.17. Desta forma, convida voc\u00ea e sua fam\u00edlia para participarem deste grande evento que acontecer\u00e1 no templo sede da Igreja que fica localizado na Rua Rold\u00e3o Ten\u00f3rio Cavalcante (antiga Rua de Bom Conselho), n.\u00ba 100, no centro da cidade. Durante os dias da festa estar\u00e3o presentes os cantores: Jesimiel dos Passos (Escada\/PE) e Wayne Aline (Ouricuri\/PE).<\/span><\/p>\n<p align=\"justify\"><span style=\"font-family: Arial; font-size: medium;\">J\u00e1 na prega\u00e7\u00e3o estar\u00e1 presente o Pastor Lourival Neto (Recife\/PE), al\u00e9m de caravanas de jovens vindas de outras cidades do Estado. A IEADPE com filial em Salo\u00e1 tem a dire\u00e7\u00e3o geral do Pastor Ailton Jos\u00e9 Alves e a dire\u00e7\u00e3o local do Pastor Regotier Martins. <\/span><span style=\"font-family: Arial; font-size: medium;\">A mocidade da Assembleia no campo de Salo\u00e1 tem a coordena\u00e7\u00e3o das irm\u00e3s Renata Am\u00e9rico e Carmom Miranda. Ore, divulgue e participe, pois, Deus tem uma palavra para o seu cora\u00e7\u00e3o\u2026 Ser\u00e3o dias muitas ben\u00e7\u00e3os espirituais.<\/span><\/p>\n<div style=\"margin-top: 0px; margin-bottom: 0px;\" class=\"sharethis-inline-share-buttons\" ><\/div>","protected":false},"excerpt":{"rendered":"<p>A Igreja Evang\u00e9lica Assembleia de Deus em Salo\u00e1\/PE, realizar\u00e1 nos dias 20, 21 e 22 de julho o 7\u00ba Congresso de Mocidade com o tema: \u201cJovens Cheios do Esp\u00edrito Santo\u201d, texto de Atos 2.17. Desta forma, convida voc\u00ea e sua fam\u00edlia para participarem deste grande evento que acontecer\u00e1 no templo sede da Igreja que fica [&hellip;]<\/p>\n","protected":false},"author":1,"featured_media":4142,"comment_status":"open","ping_status":"open","sticky":false,"template":"","format":"standard","meta":{"footnotes":""},"categories":[2],"tags":[],"class_list":["post-4125","post","type-post","status-publish","format-standard","has-post-thumbnail","hentry","category-noticias-do-dia"],"_links":{"self":[{"href":"https:\/\/www.saloanoticias.com\/v1\/wp-json\/wp\/v2\/posts\/4125","targetHints":{"allow":["GET"]}}],"collection":[{"href":"https:\/\/www.saloanoticias.com\/v1\/wp-json\/wp\/v2\/posts"}],"about":[{"href":"https:\/\/www.saloanoticias.com\/v1\/wp-json\/wp\/v2\/types\/post"}],"author":[{"embeddable":true,"href":"https:\/\/www.saloanoticias.com\/v1\/wp-json\/wp\/v2\/users\/1"}],"replies":[{"embeddable":true,"href":"https:\/\/www.saloanoticias.com\/v1\/wp-json\/wp\/v2\/comments?post=4125"}],"version-history":[{"count":2,"href":"https:\/\/www.saloanoticias.com\/v1\/wp-json\/wp\/v2\/posts\/4125\/revisions"}],"predecessor-version":[{"id":4144,"href":"https:\/\/www.saloanoticias.com\/v1\/wp-json\/wp\/v2\/posts\/4125\/revisions\/4144"}],"wp:featuredmedia":[{"embeddable":true,"href":"https:\/\/www.saloanoticias.com\/v1\/wp-json\/wp\/v2\/media\/4142"}],"wp:attachment":[{"href":"https:\/\/www.saloanoticias.com\/v1\/wp-json\/wp\/v2\/media?parent=4125"}],"wp:term":[{"taxonomy":"category","embeddable":true,"href":"https:\/\/www.saloanoticias.com\/v1\/wp-json\/wp\/v2\/categories?post=4125"},{"taxonomy":"post_tag","embeddable":true,"href":"https:\/\/www.saloanoticias.com\/v1\/wp-json\/wp\/v2\/tags?post=4125"}],"curies":[{"name":"wp","href":"https:\/\/api.w.org\/{rel}","templated":true}]}}