{"id":4123,"date":"2018-07-06T23:15:00","date_gmt":"2018-07-06T23:15:00","guid":{"rendered":"https:\/\/saloanoticias.mrmediaweb.com\/v1\/2018\/07\/06\/ricardo-alves-convida-toda-a-populacao-para-inauguracoes-na-varzea-da-serra\/"},"modified":"2018-07-16T22:46:11","modified_gmt":"2018-07-16T22:46:11","slug":"ricardo-alves-convida-toda-a-populacao-para-inauguracoes-na-varzea-da-serra","status":"publish","type":"post","link":"https:\/\/www.saloanoticias.com\/v1\/ricardo-alves-convida-toda-a-populacao-para-inauguracoes-na-varzea-da-serra\/","title":{"rendered":"PREFEITO RICARDO ALVES CONVIDA TODA A POPULA\u00c7\u00c3O PARA AS INAUGURA\u00c7\u00d5ES QUE ACONTECER\u00c3O NA V\u00c1RZEA DA SERRA NESTE S\u00c1BADO, 7 DE JULHO DE 2018"},"content":{"rendered":"<p align=\"justify\"><span style=\"font-family: Arial; font-size: medium;\"><img loading=\"lazy\" decoding=\"async\" class=\" wp-image-4147 alignleft\" src=\"https:\/\/saloanoticias.com\/v1\/wp-content\/uploads\/2018\/07\/ricardo.png\" alt=\"\" width=\"403\" height=\"261\" srcset=\"https:\/\/www.saloanoticias.com\/v1\/wp-content\/uploads\/2018\/07\/ricardo.png 807w, https:\/\/www.saloanoticias.com\/v1\/wp-content\/uploads\/2018\/07\/ricardo-300x194.png 300w, https:\/\/www.saloanoticias.com\/v1\/wp-content\/uploads\/2018\/07\/ricardo-768x498.png 768w\" sizes=\"auto, (max-width: 403px) 100vw, 403px\" \/>O Prefeito Ricardo Alves convida a toda popula\u00e7\u00e3o saloaense para amanh\u00e3 (07\/07) participarem da Solenidade de Inaugura\u00e7\u00e3o do PSF Ant\u00f4nio Alves de Souza, e tamb\u00e9m do Sistema de Abastecimento de \u00c1gua da regi\u00e3o que atende mais de oito (08) comunidades rurais. <\/span><span style=\"font-family: Arial; font-size: medium;\">O Prefeito tamb\u00e9m assinar\u00e1 ordens de servi\u00e7os de novas obras para o seu munic\u00edpio, estas que beneficiar\u00e3o ainda mais a popula\u00e7\u00e3o. <\/span><span style=\"font-family: Arial; font-size: medium;\">E para encerrar este grande evento, haver\u00e3o apresenta\u00e7\u00f5es de quadrilhas e show com Flaviane Cabral, a Voz da Sofr\u00eancia. Toda essa programa\u00e7\u00e3o est\u00e1 prevista para acontecer amanh\u00e3 \u00e0s 17h no S\u00edtio V\u00e1rzea da Serra, em frente ao Postinho de Sa\u00fade. <strong><span style=\"font-size: small;\">Fonte: Ascom da Prefeitura de Salo\u00e1\/PE<\/span><\/strong><\/span><\/p>\n<div style=\"margin-top: 0px; margin-bottom: 0px;\" class=\"sharethis-inline-share-buttons\" ><\/div>","protected":false},"excerpt":{"rendered":"<p>O Prefeito Ricardo Alves convida a toda popula\u00e7\u00e3o saloaense para amanh\u00e3 (07\/07) participarem da Solenidade de Inaugura\u00e7\u00e3o do PSF Ant\u00f4nio Alves de Souza, e tamb\u00e9m do Sistema de Abastecimento de \u00c1gua da regi\u00e3o que atende mais de oito (08) comunidades rurais. O Prefeito tamb\u00e9m assinar\u00e1 ordens de servi\u00e7os de novas obras para o seu munic\u00edpio, [&hellip;]<\/p>\n","protected":false},"author":1,"featured_media":4147,"comment_status":"open","ping_status":"open","sticky":false,"template":"","format":"standard","meta":{"footnotes":""},"categories":[2],"tags":[],"class_list":["post-4123","post","type-post","status-publish","format-standard","has-post-thumbnail","hentry","category-noticias-do-dia"],"_links":{"self":[{"href":"https:\/\/www.saloanoticias.com\/v1\/wp-json\/wp\/v2\/posts\/4123","targetHints":{"allow":["GET"]}}],"collection":[{"href":"https:\/\/www.saloanoticias.com\/v1\/wp-json\/wp\/v2\/posts"}],"about":[{"href":"https:\/\/www.saloanoticias.com\/v1\/wp-json\/wp\/v2\/types\/post"}],"author":[{"embeddable":true,"href":"https:\/\/www.saloanoticias.com\/v1\/wp-json\/wp\/v2\/users\/1"}],"replies":[{"embeddable":true,"href":"https:\/\/www.saloanoticias.com\/v1\/wp-json\/wp\/v2\/comments?post=4123"}],"version-history":[{"count":3,"href":"https:\/\/www.saloanoticias.com\/v1\/wp-json\/wp\/v2\/posts\/4123\/revisions"}],"predecessor-version":[{"id":4149,"href":"https:\/\/www.saloanoticias.com\/v1\/wp-json\/wp\/v2\/posts\/4123\/revisions\/4149"}],"wp:featuredmedia":[{"embeddable":true,"href":"https:\/\/www.saloanoticias.com\/v1\/wp-json\/wp\/v2\/media\/4147"}],"wp:attachment":[{"href":"https:\/\/www.saloanoticias.com\/v1\/wp-json\/wp\/v2\/media?parent=4123"}],"wp:term":[{"taxonomy":"category","embeddable":true,"href":"https:\/\/www.saloanoticias.com\/v1\/wp-json\/wp\/v2\/categories?post=4123"},{"taxonomy":"post_tag","embeddable":true,"href":"https:\/\/www.saloanoticias.com\/v1\/wp-json\/wp\/v2\/tags?post=4123"}],"curies":[{"name":"wp","href":"https:\/\/api.w.org\/{rel}","templated":true}]}}