{"id":4122,"date":"2018-07-05T13:34:00","date_gmt":"2018-07-05T13:34:00","guid":{"rendered":"https:\/\/saloanoticias.mrmediaweb.com\/v1\/2018\/07\/05\/prefeito-de-saloa-viaja-a-brasilia-e-consegue-nova-creche-para-o-municipio\/"},"modified":"2018-07-16T22:48:59","modified_gmt":"2018-07-16T22:48:59","slug":"prefeito-de-saloa-viaja-a-brasilia-e-consegue-nova-creche-para-o-municipio","status":"publish","type":"post","link":"https:\/\/www.saloanoticias.com\/v1\/prefeito-de-saloa-viaja-a-brasilia-e-consegue-nova-creche-para-o-municipio\/","title":{"rendered":"PREFEITO DE SALO\u00c1-PE VIAJA \u00c0 BRAS\u00cdLIA E ADQUIRE NOVA CRECHE PARA O MUNIC\u00cdPIO"},"content":{"rendered":"<p align=\"justify\"><span style=\"font-family: Arial; font-size: medium;\"><img loading=\"lazy\" decoding=\"async\" class=\"alignleft  wp-image-4150\" src=\"https:\/\/saloanoticias.com\/v1\/wp-content\/uploads\/2018\/07\/ricardos.png\" alt=\"\" width=\"343\" height=\"258\" srcset=\"https:\/\/www.saloanoticias.com\/v1\/wp-content\/uploads\/2018\/07\/ricardos.png 807w, https:\/\/www.saloanoticias.com\/v1\/wp-content\/uploads\/2018\/07\/ricardos-300x226.png 300w, https:\/\/www.saloanoticias.com\/v1\/wp-content\/uploads\/2018\/07\/ricardos-768x578.png 768w, https:\/\/www.saloanoticias.com\/v1\/wp-content\/uploads\/2018\/07\/ricardos-800x600.png 800w\" sizes=\"auto, (max-width: 343px) 100vw, 343px\" \/>O prefeito de Salo\u00e1\/PE esteve na capital federal nesta quarta-feira (4) e volta com a bagagem cheia de novidades para a popula\u00e7\u00e3o do seu munic\u00edpio. Dentre elas, a aquisi\u00e7\u00e3o de novas escolas e uma creche. Segundo o gestor, que postou um v\u00eddeo em suas redes sociais, foram grandes conquistas para os saloaenses, e isso, \u00e9 apenas o come\u00e7o do que ainda vem pela frente. \u201cO trabalho n\u00e3o para, agora \u00e9 que est\u00e1 come\u00e7ando\u201d, disse. Ricardo est\u00e1 voltando de Bras\u00edlia e deve anunciar mais novidades em breve. <\/span><span style=\"font-family: Arial; font-size: medium;\">INAUGURA\u00c7\u00d5ES: No pr\u00f3ximo s\u00e1bado (7), o gestor inaugura a reforma e amplia\u00e7\u00e3o do PSF Ant\u00f4nio Alves de Souza da comunidade V\u00e1rzea da Serra, zona rural do Munic\u00edpio, al\u00e9m do importante sistema adutor que j\u00e1 est\u00e1 em pleno funcionamento e abastecendo centenas de fam\u00edlias nas comunidades Morros, Moc\u00f3s, Co\u00eama\u00a0 Pau Santo, Roseira, Laguinha, Paquevira e Batinga. Estar\u00e3o presentes no evento v\u00e1rias autoridades que dever\u00e1 come\u00e7ar \u00e0s 17h.<\/span><\/p>\n<div style=\"margin-top: 0px; margin-bottom: 0px;\" class=\"sharethis-inline-share-buttons\" ><\/div>","protected":false},"excerpt":{"rendered":"<p>O prefeito de Salo\u00e1\/PE esteve na capital federal nesta quarta-feira (4) e volta com a bagagem cheia de novidades para a popula\u00e7\u00e3o do seu munic\u00edpio. Dentre elas, a aquisi\u00e7\u00e3o de novas escolas e uma creche. Segundo o gestor, que postou um v\u00eddeo em suas redes sociais, foram grandes conquistas para os saloaenses, e isso, \u00e9 [&hellip;]<\/p>\n","protected":false},"author":1,"featured_media":4150,"comment_status":"open","ping_status":"open","sticky":false,"template":"","format":"standard","meta":{"footnotes":""},"categories":[2],"tags":[],"class_list":["post-4122","post","type-post","status-publish","format-standard","has-post-thumbnail","hentry","category-noticias-do-dia"],"_links":{"self":[{"href":"https:\/\/www.saloanoticias.com\/v1\/wp-json\/wp\/v2\/posts\/4122","targetHints":{"allow":["GET"]}}],"collection":[{"href":"https:\/\/www.saloanoticias.com\/v1\/wp-json\/wp\/v2\/posts"}],"about":[{"href":"https:\/\/www.saloanoticias.com\/v1\/wp-json\/wp\/v2\/types\/post"}],"author":[{"embeddable":true,"href":"https:\/\/www.saloanoticias.com\/v1\/wp-json\/wp\/v2\/users\/1"}],"replies":[{"embeddable":true,"href":"https:\/\/www.saloanoticias.com\/v1\/wp-json\/wp\/v2\/comments?post=4122"}],"version-history":[{"count":1,"href":"https:\/\/www.saloanoticias.com\/v1\/wp-json\/wp\/v2\/posts\/4122\/revisions"}],"predecessor-version":[{"id":4151,"href":"https:\/\/www.saloanoticias.com\/v1\/wp-json\/wp\/v2\/posts\/4122\/revisions\/4151"}],"wp:featuredmedia":[{"embeddable":true,"href":"https:\/\/www.saloanoticias.com\/v1\/wp-json\/wp\/v2\/media\/4150"}],"wp:attachment":[{"href":"https:\/\/www.saloanoticias.com\/v1\/wp-json\/wp\/v2\/media?parent=4122"}],"wp:term":[{"taxonomy":"category","embeddable":true,"href":"https:\/\/www.saloanoticias.com\/v1\/wp-json\/wp\/v2\/categories?post=4122"},{"taxonomy":"post_tag","embeddable":true,"href":"https:\/\/www.saloanoticias.com\/v1\/wp-json\/wp\/v2\/tags?post=4122"}],"curies":[{"name":"wp","href":"https:\/\/api.w.org\/{rel}","templated":true}]}}