{"id":4121,"date":"2018-07-05T02:06:00","date_gmt":"2018-07-05T02:06:00","guid":{"rendered":"https:\/\/saloanoticias.mrmediaweb.com\/v1\/2018\/07\/05\/governador-paulo-camara-inaugura-escola-tecnica-em-garanhuns-nesta-quinta-feira-5\/"},"modified":"2018-07-16T22:51:58","modified_gmt":"2018-07-16T22:51:58","slug":"governador-paulo-camara-inaugura-escola-tecnica-em-garanhuns-nesta-quinta-feira-5","status":"publish","type":"post","link":"https:\/\/www.saloanoticias.com\/v1\/governador-paulo-camara-inaugura-escola-tecnica-em-garanhuns-nesta-quinta-feira-5\/","title":{"rendered":"GOVERNADOR PAULO C\u00c2MARA INAUGURA A ESCOLA T\u00c9CNICA DE GARANHUNS\/PE NESTA QUINTA-FEIRA (5)"},"content":{"rendered":"<p align=\"justify\"><span style=\"font-family: Arial; font-size: medium;\"><img loading=\"lazy\" decoding=\"async\" width=\"300\" height=\"202\" class=\"alignleft size-medium wp-image-4152\" src=\"https:\/\/saloanoticias.com\/v1\/wp-content\/uploads\/2018\/07\/ETE-Garanhuns_img-5-300x202.jpeg\" alt=\"\" srcset=\"https:\/\/www.saloanoticias.com\/v1\/wp-content\/uploads\/2018\/07\/ETE-Garanhuns_img-5-300x202.jpeg 300w, https:\/\/www.saloanoticias.com\/v1\/wp-content\/uploads\/2018\/07\/ETE-Garanhuns_img-5-1024x689.jpeg 1024w, https:\/\/www.saloanoticias.com\/v1\/wp-content\/uploads\/2018\/07\/ETE-Garanhuns_img-5-768x517.jpeg 768w, https:\/\/www.saloanoticias.com\/v1\/wp-content\/uploads\/2018\/07\/ETE-Garanhuns_img-5-1536x1034.jpeg 1536w, https:\/\/www.saloanoticias.com\/v1\/wp-content\/uploads\/2018\/07\/ETE-Garanhuns_img-5.jpeg 1600w\" sizes=\"auto, (max-width: 300px) 100vw, 300px\" \/>O governador Paulo C\u00e2mara inaugura nesta quinta-feira (05.07), em Garanhuns, a Escola T\u00e9cnica Estadual (ETE) Ariano Vilar Suassuna. O governador deve aproveitar para anunciar o show da banda Tit\u00e3s na noite de encerramento do FIG 2018. <\/span><span style=\"font-family: Arial; font-size: medium;\">Com investimentos da ordem de R$ 10 milh\u00f5es, a mais nova unidade da ETE no Estado, beneficiar\u00e1 1.300 estudantes do munic\u00edpio e da regi\u00e3o. A estrutura \u00e9 composta por seis blocos interligados por passarelas cobertas, que abrigam salas, laborat\u00f3rios, biblioteca, quadra poliesportiva, dentre outros espa\u00e7os.<\/span><\/p>\n<div style=\"margin-top: 0px; margin-bottom: 0px;\" class=\"sharethis-inline-share-buttons\" ><\/div>","protected":false},"excerpt":{"rendered":"<p>O governador Paulo C\u00e2mara inaugura nesta quinta-feira (05.07), em Garanhuns, a Escola T\u00e9cnica Estadual (ETE) Ariano Vilar Suassuna. O governador deve aproveitar para anunciar o show da banda Tit\u00e3s na noite de encerramento do FIG 2018. Com investimentos da ordem de R$ 10 milh\u00f5es, a mais nova unidade da ETE no Estado, beneficiar\u00e1 1.300 estudantes [&hellip;]<\/p>\n","protected":false},"author":1,"featured_media":4152,"comment_status":"open","ping_status":"open","sticky":false,"template":"","format":"standard","meta":{"footnotes":""},"categories":[2],"tags":[],"class_list":["post-4121","post","type-post","status-publish","format-standard","has-post-thumbnail","hentry","category-noticias-do-dia"],"_links":{"self":[{"href":"https:\/\/www.saloanoticias.com\/v1\/wp-json\/wp\/v2\/posts\/4121","targetHints":{"allow":["GET"]}}],"collection":[{"href":"https:\/\/www.saloanoticias.com\/v1\/wp-json\/wp\/v2\/posts"}],"about":[{"href":"https:\/\/www.saloanoticias.com\/v1\/wp-json\/wp\/v2\/types\/post"}],"author":[{"embeddable":true,"href":"https:\/\/www.saloanoticias.com\/v1\/wp-json\/wp\/v2\/users\/1"}],"replies":[{"embeddable":true,"href":"https:\/\/www.saloanoticias.com\/v1\/wp-json\/wp\/v2\/comments?post=4121"}],"version-history":[{"count":2,"href":"https:\/\/www.saloanoticias.com\/v1\/wp-json\/wp\/v2\/posts\/4121\/revisions"}],"predecessor-version":[{"id":4154,"href":"https:\/\/www.saloanoticias.com\/v1\/wp-json\/wp\/v2\/posts\/4121\/revisions\/4154"}],"wp:featuredmedia":[{"embeddable":true,"href":"https:\/\/www.saloanoticias.com\/v1\/wp-json\/wp\/v2\/media\/4152"}],"wp:attachment":[{"href":"https:\/\/www.saloanoticias.com\/v1\/wp-json\/wp\/v2\/media?parent=4121"}],"wp:term":[{"taxonomy":"category","embeddable":true,"href":"https:\/\/www.saloanoticias.com\/v1\/wp-json\/wp\/v2\/categories?post=4121"},{"taxonomy":"post_tag","embeddable":true,"href":"https:\/\/www.saloanoticias.com\/v1\/wp-json\/wp\/v2\/tags?post=4121"}],"curies":[{"name":"wp","href":"https:\/\/api.w.org\/{rel}","templated":true}]}}