{"id":4120,"date":"2018-07-04T00:26:00","date_gmt":"2018-07-04T00:26:00","guid":{"rendered":"https:\/\/saloanoticias.mrmediaweb.com\/v1\/2018\/07\/04\/prefeitura-inaugura-psf-e-sistema-de-abastecimento-de-agua-no-povoado-varzea-da-serra-na-proxima-sexta-7\/"},"modified":"2018-07-16T22:55:37","modified_gmt":"2018-07-16T22:55:37","slug":"prefeitura-inaugura-psf-e-sistema-de-abastecimento-de-agua-no-povoado-varzea-da-serra-na-proxima-sexta-7","status":"publish","type":"post","link":"https:\/\/www.saloanoticias.com\/v1\/prefeitura-inaugura-psf-e-sistema-de-abastecimento-de-agua-no-povoado-varzea-da-serra-na-proxima-sexta-7\/","title":{"rendered":"PREFEITURA INAUGURA PSF E SISTEMA DE ABASTECIMENTO DE \u00c1GUA NA COMUNIDADE V\u00c1RZEA DA SERRA NO PR\u00d3XIMO S\u00c1BADO (7)"},"content":{"rendered":"<p align=\"justify\"><span style=\"font-family: Arial; font-size: medium;\"><img loading=\"lazy\" decoding=\"async\" width=\"300\" height=\"199\" class=\"alignleft size-medium wp-image-4155\" src=\"https:\/\/saloanoticias.com\/v1\/wp-content\/uploads\/2018\/07\/dsc_0727_thumb_a6c45c38f565618149eb72dd6895138d-300x199.jpg\" alt=\"\" srcset=\"https:\/\/www.saloanoticias.com\/v1\/wp-content\/uploads\/2018\/07\/dsc_0727_thumb_a6c45c38f565618149eb72dd6895138d-300x199.jpg 300w, https:\/\/www.saloanoticias.com\/v1\/wp-content\/uploads\/2018\/07\/dsc_0727_thumb_a6c45c38f565618149eb72dd6895138d-1024x678.jpg 1024w, https:\/\/www.saloanoticias.com\/v1\/wp-content\/uploads\/2018\/07\/dsc_0727_thumb_a6c45c38f565618149eb72dd6895138d-768x509.jpg 768w, https:\/\/www.saloanoticias.com\/v1\/wp-content\/uploads\/2018\/07\/dsc_0727_thumb_a6c45c38f565618149eb72dd6895138d.jpg 1434w\" sizes=\"auto, (max-width: 300px) 100vw, 300px\" \/>O Governo Municipal de Salo\u00e1\/PE, sente-se honrado em convidar V. S\u00aa e fam\u00edlia para participarem da Solenidade de Inaugura\u00e7\u00f5es de Obras e Assinatura de Ordens de Servi\u00e7os, que ser\u00e1 realizada no S\u00edtio V\u00e1rzea da Serra no pr\u00f3ximo s\u00e1bado, 07 de Julho, a partir das 17hs. <\/span><span style=\"font-family: Arial; font-size: medium;\">O Prefeito Ricardo Alves vai inaugurar: <\/span><b><span style=\"font-family: Arial; font-size: medium;\">Amplia\u00e7\u00e3o e Reforma da Unidade de Sa\u00fade Ant\u00f4nio Alves de Souza e <\/span><\/b><b><span style=\"font-family: Arial; font-size: medium;\">Sistema de Abastecimento de \u00c1gua que beneficia os S\u00edtios: V\u00e1rzea da Serra, Morros, Pau Santo, Coema, Roseira, Laguinha, Batinga, Moc\u00f3s e Paquevira. <\/span><\/b><span style=\"font-family: Arial; font-size: medium;\">E para encerrar o evento, haver\u00e1 um grande show ao vivo com Flaviane Cabral, a Voz da Sofr\u00eancia, para comemorar essas grandes a\u00e7\u00f5es no munic\u00edpio. <strong><span style=\"font-size: small;\">Fonte: <\/span><\/strong><\/span><span style=\"font-family: Arial; font-size: small;\"><strong>Ascom Salo\u00e1<\/strong><\/span><\/p>\n<p align=\"justify\"><a href=\"http:\/\/www.saloanoticias.com\/images\/convite.jpg\"><img loading=\"lazy\" decoding=\"async\" class=\"aligncenter\" src=\"http:\/\/www.saloanoticias.com\/v1\/wp-content\/uploads\/imagens\/convite_thumb.jpg\" width=\"676\" height=\"520\" \/><\/a><\/p>\n<div style=\"margin-top: 0px; margin-bottom: 0px;\" class=\"sharethis-inline-share-buttons\" ><\/div>","protected":false},"excerpt":{"rendered":"<p>O Governo Municipal de Salo\u00e1\/PE, sente-se honrado em convidar V. S\u00aa e fam\u00edlia para participarem da Solenidade de Inaugura\u00e7\u00f5es de Obras e Assinatura de Ordens de Servi\u00e7os, que ser\u00e1 realizada no S\u00edtio V\u00e1rzea da Serra no pr\u00f3ximo s\u00e1bado, 07 de Julho, a partir das 17hs. O Prefeito Ricardo Alves vai inaugurar: Amplia\u00e7\u00e3o e Reforma da [&hellip;]<\/p>\n","protected":false},"author":1,"featured_media":4155,"comment_status":"open","ping_status":"open","sticky":false,"template":"","format":"standard","meta":{"footnotes":""},"categories":[2],"tags":[],"class_list":["post-4120","post","type-post","status-publish","format-standard","has-post-thumbnail","hentry","category-noticias-do-dia"],"_links":{"self":[{"href":"https:\/\/www.saloanoticias.com\/v1\/wp-json\/wp\/v2\/posts\/4120","targetHints":{"allow":["GET"]}}],"collection":[{"href":"https:\/\/www.saloanoticias.com\/v1\/wp-json\/wp\/v2\/posts"}],"about":[{"href":"https:\/\/www.saloanoticias.com\/v1\/wp-json\/wp\/v2\/types\/post"}],"author":[{"embeddable":true,"href":"https:\/\/www.saloanoticias.com\/v1\/wp-json\/wp\/v2\/users\/1"}],"replies":[{"embeddable":true,"href":"https:\/\/www.saloanoticias.com\/v1\/wp-json\/wp\/v2\/comments?post=4120"}],"version-history":[{"count":5,"href":"https:\/\/www.saloanoticias.com\/v1\/wp-json\/wp\/v2\/posts\/4120\/revisions"}],"predecessor-version":[{"id":4160,"href":"https:\/\/www.saloanoticias.com\/v1\/wp-json\/wp\/v2\/posts\/4120\/revisions\/4160"}],"wp:featuredmedia":[{"embeddable":true,"href":"https:\/\/www.saloanoticias.com\/v1\/wp-json\/wp\/v2\/media\/4155"}],"wp:attachment":[{"href":"https:\/\/www.saloanoticias.com\/v1\/wp-json\/wp\/v2\/media?parent=4120"}],"wp:term":[{"taxonomy":"category","embeddable":true,"href":"https:\/\/www.saloanoticias.com\/v1\/wp-json\/wp\/v2\/categories?post=4120"},{"taxonomy":"post_tag","embeddable":true,"href":"https:\/\/www.saloanoticias.com\/v1\/wp-json\/wp\/v2\/tags?post=4120"}],"curies":[{"name":"wp","href":"https:\/\/api.w.org\/{rel}","templated":true}]}}