{"id":4119,"date":"2018-07-02T16:17:00","date_gmt":"2018-07-02T16:17:00","guid":{"rendered":"https:\/\/saloanoticias.mrmediaweb.com\/v1\/2018\/07\/02\/morre-guilherme-uchoa-presidente-da-assembleia-legislativa-de-pernambuco\/"},"modified":"2018-07-16T22:57:20","modified_gmt":"2018-07-16T22:57:20","slug":"morre-guilherme-uchoa-presidente-da-assembleia-legislativa-de-pernambuco","status":"publish","type":"post","link":"https:\/\/www.saloanoticias.com\/v1\/morre-guilherme-uchoa-presidente-da-assembleia-legislativa-de-pernambuco\/","title":{"rendered":"MORRE GUILHERME UCH\u00d4A, PRESIDENTE DA ASSEMBLEIA LEGISLATIVA DE PERNAMBUCO"},"content":{"rendered":"<p align=\"justify\"><span style=\"font-family: Arial; font-size: medium;\"><img loading=\"lazy\" decoding=\"async\" width=\"300\" height=\"188\" class=\"alignleft size-medium wp-image-4161\" src=\"https:\/\/saloanoticias.com\/v1\/wp-content\/uploads\/2018\/07\/presidente_da_alepe_guilherme_uchoa_-_pdt-300x188.jpg\" alt=\"\" srcset=\"https:\/\/www.saloanoticias.com\/v1\/wp-content\/uploads\/2018\/07\/presidente_da_alepe_guilherme_uchoa_-_pdt-300x188.jpg 300w, https:\/\/www.saloanoticias.com\/v1\/wp-content\/uploads\/2018\/07\/presidente_da_alepe_guilherme_uchoa_-_pdt-768x481.jpg 768w, https:\/\/www.saloanoticias.com\/v1\/wp-content\/uploads\/2018\/07\/presidente_da_alepe_guilherme_uchoa_-_pdt.jpg 1000w\" sizes=\"auto, (max-width: 300px) 100vw, 300px\" \/>O presidente da Assembleia Legislativa de Pernambuco (Alepe), Guilherme Uchoa (PSC), de 71 anos, morreu, hoje, no Hospital Portugu\u00eas, na \u00e1rea central do Recife. A informa\u00e7\u00e3o foi confirmada pela assessoria de comunica\u00e7\u00e3o da Alepe. O \u00f3bito ocorreu \u00e0s 4h, em decorr\u00eancia do agravamento do quadro de sa\u00fade do deputado, que teve edema pulmonar e parada card\u00edaca. <\/span><span style=\"font-family: Arial; font-size: medium;\">O parlamentar estava internado desde domingo (1\u00ba), depois ter problemas de sa\u00fade em casa, na Regi\u00e3o Metropolitana, e ser levado para a Unidade de Terapia Intensiva (UTI).<\/span><\/p>\n<p align=\"justify\"><span style=\"font-family: Arial; font-size: medium;\">A assessoria do Legislativo ainda n\u00e3o repassou informa\u00e7\u00f5es sobre vel\u00f3rio e enterro. <\/span><span style=\"font-family: Arial; font-size: medium;\">Guilherme Uchoa estava no sexto mandato parlamentar e presidia a Alepe pela sexta vez consecutiva. Juiz aposentado, ele ocupou o cargo de governador de Pernambuco em virtude de aus\u00eancia dos titulares. <strong><span style=\"font-size: small;\">Com informa\u00e7\u00f5es do Blog do Magno Martins.<\/span><\/strong><\/span><\/p>\n<div style=\"margin-top: 0px; margin-bottom: 0px;\" class=\"sharethis-inline-share-buttons\" ><\/div>","protected":false},"excerpt":{"rendered":"<p>O presidente da Assembleia Legislativa de Pernambuco (Alepe), Guilherme Uchoa (PSC), de 71 anos, morreu, hoje, no Hospital Portugu\u00eas, na \u00e1rea central do Recife. A informa\u00e7\u00e3o foi confirmada pela assessoria de comunica\u00e7\u00e3o da Alepe. O \u00f3bito ocorreu \u00e0s 4h, em decorr\u00eancia do agravamento do quadro de sa\u00fade do deputado, que teve edema pulmonar e parada [&hellip;]<\/p>\n","protected":false},"author":1,"featured_media":4161,"comment_status":"open","ping_status":"open","sticky":false,"template":"","format":"standard","meta":{"footnotes":""},"categories":[2],"tags":[],"class_list":["post-4119","post","type-post","status-publish","format-standard","has-post-thumbnail","hentry","category-noticias-do-dia"],"_links":{"self":[{"href":"https:\/\/www.saloanoticias.com\/v1\/wp-json\/wp\/v2\/posts\/4119","targetHints":{"allow":["GET"]}}],"collection":[{"href":"https:\/\/www.saloanoticias.com\/v1\/wp-json\/wp\/v2\/posts"}],"about":[{"href":"https:\/\/www.saloanoticias.com\/v1\/wp-json\/wp\/v2\/types\/post"}],"author":[{"embeddable":true,"href":"https:\/\/www.saloanoticias.com\/v1\/wp-json\/wp\/v2\/users\/1"}],"replies":[{"embeddable":true,"href":"https:\/\/www.saloanoticias.com\/v1\/wp-json\/wp\/v2\/comments?post=4119"}],"version-history":[{"count":2,"href":"https:\/\/www.saloanoticias.com\/v1\/wp-json\/wp\/v2\/posts\/4119\/revisions"}],"predecessor-version":[{"id":4163,"href":"https:\/\/www.saloanoticias.com\/v1\/wp-json\/wp\/v2\/posts\/4119\/revisions\/4163"}],"wp:featuredmedia":[{"embeddable":true,"href":"https:\/\/www.saloanoticias.com\/v1\/wp-json\/wp\/v2\/media\/4161"}],"wp:attachment":[{"href":"https:\/\/www.saloanoticias.com\/v1\/wp-json\/wp\/v2\/media?parent=4119"}],"wp:term":[{"taxonomy":"category","embeddable":true,"href":"https:\/\/www.saloanoticias.com\/v1\/wp-json\/wp\/v2\/categories?post=4119"},{"taxonomy":"post_tag","embeddable":true,"href":"https:\/\/www.saloanoticias.com\/v1\/wp-json\/wp\/v2\/tags?post=4119"}],"curies":[{"name":"wp","href":"https:\/\/api.w.org\/{rel}","templated":true}]}}