{"id":4118,"date":"2018-07-02T14:49:00","date_gmt":"2018-07-02T14:49:00","guid":{"rendered":"https:\/\/saloanoticias.mrmediaweb.com\/v1\/2018\/07\/02\/banco-do-nordeste-promovera-evento-para-comerciantes-de-saloa-nesta-quarta-feira-dia-4-de-julho\/"},"modified":"2018-07-17T13:18:15","modified_gmt":"2018-07-17T13:18:15","slug":"banco-do-nordeste-promovera-evento-para-comerciantes-de-saloa-nesta-quarta-feira-dia-4-de-julho","status":"publish","type":"post","link":"https:\/\/www.saloanoticias.com\/v1\/banco-do-nordeste-promovera-evento-para-comerciantes-de-saloa-nesta-quarta-feira-dia-4-de-julho\/","title":{"rendered":"BANCO DO NORDESTE PROMOVER\u00c1 EVENTO PARA COMERCIANTES DE SALO\u00c1 NA QUARTA, DIA 4 DE JULHO"},"content":{"rendered":"<p align=\"justify\"><span style=\"font-family: Arial; font-size: medium;\"><img loading=\"lazy\" decoding=\"async\" width=\"2048\" height=\"1119\" class=\"aligncenter size-full wp-image-4201\" src=\"https:\/\/saloanoticias.com\/v1\/wp-content\/uploads\/2018\/07\/radiovox-1.png\" alt=\"\" srcset=\"https:\/\/www.saloanoticias.com\/v1\/wp-content\/uploads\/2018\/07\/radiovox-1.png 2048w, https:\/\/www.saloanoticias.com\/v1\/wp-content\/uploads\/2018\/07\/radiovox-1-300x164.png 300w, https:\/\/www.saloanoticias.com\/v1\/wp-content\/uploads\/2018\/07\/radiovox-1-1024x560.png 1024w, https:\/\/www.saloanoticias.com\/v1\/wp-content\/uploads\/2018\/07\/radiovox-1-768x420.png 768w, https:\/\/www.saloanoticias.com\/v1\/wp-content\/uploads\/2018\/07\/radiovox-1-1536x839.png 1536w\" sizes=\"auto, (max-width: 2048px) 100vw, 2048px\" \/>O BNB &#8211; Banco do Nordeste do Brasil, em parceria com o SEBRAE promover\u00e3o o \u201cFNE ITINERANTE 2018\u201d no Munic\u00edpio de Salo\u00e1\/PE no pr\u00f3ximo dia 4 de julho no Plen\u00e1rio da C\u00e2mara dos Vereadores. O FNE ITINERANTE &#8211; Fundo Constitucional de Financiamento do Nordeste, trata-se de um evento que tem a participa\u00e7\u00e3o do Banco do Nordeste, SUDENE, Minist\u00e9rio da Integra\u00e7\u00e3o e do SEBRAE, com o apoio, da Prefeitura Municipal e da C\u00e2mara Municipal de Vereadores.<\/span><\/p>\n<p align=\"justify\"><span style=\"font-family: Arial; font-size: medium;\">As palestras que ser\u00e3o realizadas visam apresentar as linhas e condi\u00e7\u00f5es de financiamento para o Micro Empreendedor Individual, Pequenas e M\u00e9dias Empresas, al\u00e9m de capacita\u00e7\u00f5es e outros informes na quest\u00e3o da gest\u00e3o. O evento dever\u00e1 ter in\u00edcio por volta das 19h, com t\u00e9rmino \u00e0s 22h e ter\u00e1 alguns itens\/log\u00edstica atrav\u00e9s da parceria. Na foto, o Gerente Regional do Banco do Nordeste e o Presidente da C\u00e2mara de Salo\u00e1, Ronaldinho BIrunda (PSB) que cedeu os espa\u00e7o para o evento.<\/span><\/p>\n<div style=\"margin-top: 0px; margin-bottom: 0px;\" class=\"sharethis-inline-share-buttons\" ><\/div>","protected":false},"excerpt":{"rendered":"<p>O BNB &#8211; Banco do Nordeste do Brasil, em parceria com o SEBRAE promover\u00e3o o \u201cFNE ITINERANTE 2018\u201d no Munic\u00edpio de Salo\u00e1\/PE no pr\u00f3ximo dia 4 de julho no Plen\u00e1rio da C\u00e2mara dos Vereadores. O FNE ITINERANTE &#8211; Fundo Constitucional de Financiamento do Nordeste, trata-se de um evento que tem a participa\u00e7\u00e3o do Banco do [&hellip;]<\/p>\n","protected":false},"author":1,"featured_media":4201,"comment_status":"open","ping_status":"open","sticky":false,"template":"","format":"standard","meta":{"footnotes":""},"categories":[2],"tags":[],"class_list":["post-4118","post","type-post","status-publish","format-standard","has-post-thumbnail","hentry","category-noticias-do-dia"],"_links":{"self":[{"href":"https:\/\/www.saloanoticias.com\/v1\/wp-json\/wp\/v2\/posts\/4118","targetHints":{"allow":["GET"]}}],"collection":[{"href":"https:\/\/www.saloanoticias.com\/v1\/wp-json\/wp\/v2\/posts"}],"about":[{"href":"https:\/\/www.saloanoticias.com\/v1\/wp-json\/wp\/v2\/types\/post"}],"author":[{"embeddable":true,"href":"https:\/\/www.saloanoticias.com\/v1\/wp-json\/wp\/v2\/users\/1"}],"replies":[{"embeddable":true,"href":"https:\/\/www.saloanoticias.com\/v1\/wp-json\/wp\/v2\/comments?post=4118"}],"version-history":[{"count":3,"href":"https:\/\/www.saloanoticias.com\/v1\/wp-json\/wp\/v2\/posts\/4118\/revisions"}],"predecessor-version":[{"id":4203,"href":"https:\/\/www.saloanoticias.com\/v1\/wp-json\/wp\/v2\/posts\/4118\/revisions\/4203"}],"wp:featuredmedia":[{"embeddable":true,"href":"https:\/\/www.saloanoticias.com\/v1\/wp-json\/wp\/v2\/media\/4201"}],"wp:attachment":[{"href":"https:\/\/www.saloanoticias.com\/v1\/wp-json\/wp\/v2\/media?parent=4118"}],"wp:term":[{"taxonomy":"category","embeddable":true,"href":"https:\/\/www.saloanoticias.com\/v1\/wp-json\/wp\/v2\/categories?post=4118"},{"taxonomy":"post_tag","embeddable":true,"href":"https:\/\/www.saloanoticias.com\/v1\/wp-json\/wp\/v2\/tags?post=4118"}],"curies":[{"name":"wp","href":"https:\/\/api.w.org\/{rel}","templated":true}]}}