{"id":4115,"date":"2018-06-29T14:55:00","date_gmt":"2018-06-29T14:55:00","guid":{"rendered":"https:\/\/saloanoticias.mrmediaweb.com\/v1\/2018\/06\/29\/vereador-ronaldinho-participa-de-seminario-de-formacao-politica-do-psb-pe\/"},"modified":"2018-07-16T23:37:26","modified_gmt":"2018-07-16T23:37:26","slug":"vereador-ronaldinho-participa-de-seminario-de-formacao-politica-do-psb-pe","status":"publish","type":"post","link":"https:\/\/www.saloanoticias.com\/v1\/vereador-ronaldinho-participa-de-seminario-de-formacao-politica-do-psb-pe\/","title":{"rendered":"VEREADOR RONALDINHO PARTICIPA DE SEMIN\u00c1RIO DE FORMA\u00c7\u00c3O POL\u00cdTICA DO PARTIDO SOCIALISTA BRASILEIRO"},"content":{"rendered":"<p align=\"justify\"><span style=\"font-family: Arial; font-size: medium;\"><img loading=\"lazy\" decoding=\"async\" class=\"aligncenter wp-image-4169 size-large\" src=\"https:\/\/saloanoticias.com\/v1\/wp-content\/uploads\/2018\/06\/35511044_176614409682468_2042000097318797312_n_thumb_af74a2fd01d8c0a55a7958ce368654e6-1024x717.jpg\" alt=\"\" width=\"1024\" height=\"717\" srcset=\"https:\/\/www.saloanoticias.com\/v1\/wp-content\/uploads\/2018\/06\/35511044_176614409682468_2042000097318797312_n_thumb_af74a2fd01d8c0a55a7958ce368654e6-1024x717.jpg 1024w, https:\/\/www.saloanoticias.com\/v1\/wp-content\/uploads\/2018\/06\/35511044_176614409682468_2042000097318797312_n_thumb_af74a2fd01d8c0a55a7958ce368654e6-300x210.jpg 300w, https:\/\/www.saloanoticias.com\/v1\/wp-content\/uploads\/2018\/06\/35511044_176614409682468_2042000097318797312_n_thumb_af74a2fd01d8c0a55a7958ce368654e6-768x538.jpg 768w, https:\/\/www.saloanoticias.com\/v1\/wp-content\/uploads\/2018\/06\/35511044_176614409682468_2042000097318797312_n_thumb_af74a2fd01d8c0a55a7958ce368654e6.jpg 1443w\" sizes=\"auto, (max-width: 1024px) 100vw, 1024px\" \/>O vereador Ronaldinho Birunda (PSB) participou nos dias 21 e 22 de junho do \u201cSemin\u00e1rio de Forma\u00e7\u00e3o Pol\u00edtica Vereador Presente\u201d promovido pelo PSB &#8211; Partido Socialista Brasileiro, evento que aconteceu na cidade\u00a0 de Gravat\u00e1 no Agreste do Estado. Parlamentares de todo o Estado estiveram no evento que contou com v\u00e1rias palestras sobre diversos assuntos, principalmente os que s\u00e3o relacionados com as elei\u00e7\u00f5es que se aproximam. Um dos palestrantes deste semin\u00e1rio foi o governador Paulo C\u00e2mara.<\/span><\/p>\n<p align=\"justify\"><img loading=\"lazy\" decoding=\"async\" width=\"1024\" height=\"717\" class=\"aligncenter size-large wp-image-4171\" src=\"https:\/\/saloanoticias.com\/v1\/wp-content\/uploads\/2018\/06\/a-logomarca-da-prefeitura-cpia_thumb_938ef4c3b76b2e1098963056dcabd297-1024x717.jpg\" alt=\"\" srcset=\"https:\/\/www.saloanoticias.com\/v1\/wp-content\/uploads\/2018\/06\/a-logomarca-da-prefeitura-cpia_thumb_938ef4c3b76b2e1098963056dcabd297-1024x717.jpg 1024w, https:\/\/www.saloanoticias.com\/v1\/wp-content\/uploads\/2018\/06\/a-logomarca-da-prefeitura-cpia_thumb_938ef4c3b76b2e1098963056dcabd297-300x210.jpg 300w, https:\/\/www.saloanoticias.com\/v1\/wp-content\/uploads\/2018\/06\/a-logomarca-da-prefeitura-cpia_thumb_938ef4c3b76b2e1098963056dcabd297-768x538.jpg 768w, https:\/\/www.saloanoticias.com\/v1\/wp-content\/uploads\/2018\/06\/a-logomarca-da-prefeitura-cpia_thumb_938ef4c3b76b2e1098963056dcabd297.jpg 1440w\" sizes=\"auto, (max-width: 1024px) 100vw, 1024px\" \/><\/p>\n<p align=\"justify\"><span style=\"font-family: Arial; font-size: medium;\">Segundo o vereador Ronaldinho, o Semin\u00e1rio de Forma\u00e7\u00e3o Pol\u00edtica foi de grande import\u00e2ncia para ele e para os seus colegas de partido, pois, os temas abordados s\u00e3o atuais e se encaixam perfeitamente a ideologia pol\u00edtica do partido. Entre os assuntos mais importantes, o parlamentar destacou a peculiaridade das Fake News, ou seja, as conhecidas not\u00edcias falsas que circulam pela internet envolveno principalmente o nome de pssoas p\u00fablicas.<\/span><\/p>\n<p align=\"justify\"><span style=\"font-family: Arial; font-size: medium;\">Entre as autoridades presentes estiveram o governador Paulo C\u00e2mara, v\u00e1rios deputados e Sileno Guedes (<em>foto<\/em>) presidente da legenda em Pernambuco. Ronaldinho \u00e9 o \u00fanico vereador eleito pelo Partido Socialista Brasileiro no Munic\u00edpio de Salo\u00e1. Outra personalidade importante no evento foi D\u00f4ra Pires que \u00e9 presidente nacional do PSB mulher, que tamb\u00e9m ministrou palestra no evento sobre a import\u00e2ncia da mulher na pol\u00edtica brasileira, defendendo inclusive, uma maior participa\u00e7\u00e3o do g\u00eanero nos parlamentos.<\/span><\/p>\n<div style=\"margin-top: 0px; margin-bottom: 0px;\" class=\"sharethis-inline-share-buttons\" ><\/div>","protected":false},"excerpt":{"rendered":"<p>O vereador Ronaldinho Birunda (PSB) participou nos dias 21 e 22 de junho do \u201cSemin\u00e1rio de Forma\u00e7\u00e3o Pol\u00edtica Vereador Presente\u201d promovido pelo PSB &#8211; Partido Socialista Brasileiro, evento que aconteceu na cidade\u00a0 de Gravat\u00e1 no Agreste do Estado. Parlamentares de todo o Estado estiveram no evento que contou com v\u00e1rias palestras sobre diversos assuntos, principalmente [&hellip;]<\/p>\n","protected":false},"author":1,"featured_media":4169,"comment_status":"open","ping_status":"open","sticky":false,"template":"","format":"standard","meta":{"footnotes":""},"categories":[2],"tags":[],"class_list":["post-4115","post","type-post","status-publish","format-standard","has-post-thumbnail","hentry","category-noticias-do-dia"],"_links":{"self":[{"href":"https:\/\/www.saloanoticias.com\/v1\/wp-json\/wp\/v2\/posts\/4115","targetHints":{"allow":["GET"]}}],"collection":[{"href":"https:\/\/www.saloanoticias.com\/v1\/wp-json\/wp\/v2\/posts"}],"about":[{"href":"https:\/\/www.saloanoticias.com\/v1\/wp-json\/wp\/v2\/types\/post"}],"author":[{"embeddable":true,"href":"https:\/\/www.saloanoticias.com\/v1\/wp-json\/wp\/v2\/users\/1"}],"replies":[{"embeddable":true,"href":"https:\/\/www.saloanoticias.com\/v1\/wp-json\/wp\/v2\/comments?post=4115"}],"version-history":[{"count":3,"href":"https:\/\/www.saloanoticias.com\/v1\/wp-json\/wp\/v2\/posts\/4115\/revisions"}],"predecessor-version":[{"id":4172,"href":"https:\/\/www.saloanoticias.com\/v1\/wp-json\/wp\/v2\/posts\/4115\/revisions\/4172"}],"wp:featuredmedia":[{"embeddable":true,"href":"https:\/\/www.saloanoticias.com\/v1\/wp-json\/wp\/v2\/media\/4169"}],"wp:attachment":[{"href":"https:\/\/www.saloanoticias.com\/v1\/wp-json\/wp\/v2\/media?parent=4115"}],"wp:term":[{"taxonomy":"category","embeddable":true,"href":"https:\/\/www.saloanoticias.com\/v1\/wp-json\/wp\/v2\/categories?post=4115"},{"taxonomy":"post_tag","embeddable":true,"href":"https:\/\/www.saloanoticias.com\/v1\/wp-json\/wp\/v2\/tags?post=4115"}],"curies":[{"name":"wp","href":"https:\/\/api.w.org\/{rel}","templated":true}]}}