{"id":4113,"date":"2018-06-28T11:38:00","date_gmt":"2018-06-28T11:38:00","guid":{"rendered":"https:\/\/saloanoticias.mrmediaweb.com\/v1\/2018\/06\/28\/jonas-esticado-se-apresenta-no-sao-joao-de-saloa-na-noite-desta-quinta-feira-28\/"},"modified":"2018-06-28T11:38:00","modified_gmt":"2018-06-28T11:38:00","slug":"jonas-esticado-se-apresenta-no-sao-joao-de-saloa-na-noite-desta-quinta-feira-28","status":"publish","type":"post","link":"https:\/\/www.saloanoticias.com\/v1\/jonas-esticado-se-apresenta-no-sao-joao-de-saloa-na-noite-desta-quinta-feira-28\/","title":{"rendered":"JONAS ESTICADO SE APRESENTA NO S\u00c3O JO\u00c3O DE SALO\u00c1 NA NOITE DESTA QUINTA-FEIRA (28)"},"content":{"rendered":"<p align=\"justify\"><font size=\"3\" face=\"Arial\"><a href=\"http:\/\/www.saloanoticias.com\/images\/jonas-esticado-saloa.jpg\"><img loading=\"lazy\" decoding=\"async\" title=\"jonas esticado saloa\" style=\"border-top: 0px; border-right: 0px; background-image: none; border-bottom: 0px; float: left; padding-top: 0px; padding-left: 0px; margin: 5px 5px 0px 0px; border-left: 0px; display: inline; padding-right: 0px\" border=\"0\" alt=\"jonas esticado saloa\" src=\"http:\/\/www.saloanoticias.com\/v1\/wp-content\/uploads\/imagens\/jonas-esticado-saloa_thumb.jpg\" width=\"330\" align=\"left\" height=\"229\"><\/a>O cantor cearense Jonas Esticado far\u00e1 parte da programa\u00e7\u00e3o do S\u00e3o Jo\u00e3o da Uni\u00e3o 2018 na cidade de Salo\u00e1\/PE n<\/font><font size=\"3\" face=\"Arial\">esta quinta-feira (28). Al\u00e9m de Jonas, subir\u00e1 ao palco da pra\u00e7a S\u00e3o Vicente a Banda Soxote-\u00e1. A Prefeitura Municipal, <\/font><font size=\"3\" face=\"Arial\">que organiza o evento, informou que os shows ter\u00e3o in\u00edcio a partir das 22 horas. Jonas Esticado vem a Salo\u00e1\/PE pela primeira vez e fez quest\u00e3o de convidar seus f\u00e3s pelas redes sociais para estarem neste grande evento hoje. Ele \u00e9 um verdadeiro fen\u00f4meno por onde passa e re\u00fane grandes p\u00fablicos. Hoje encerra-se as fe<\/font><font size=\"3\" face=\"Arial\">stividades juninas no Munic\u00edpio do Agreste Pernambucano. O S\u00e3o Jo\u00e3o da Uni\u00e3o j\u00e1 est\u00e1 consolidado entre os melhores do Estado e leva milhares de pessoas \u00e0 pra\u00e7a S\u00e3o Vicente nos dias de festas. A expectativa dos organizadores \u00e9 de que mais de 10 mil pessoas na pra\u00e7a curtindo o show de Jonas Esticado.<\/font><\/p>\n<div style=\"margin-top: 0px; margin-bottom: 0px;\" class=\"sharethis-inline-share-buttons\" ><\/div>","protected":false},"excerpt":{"rendered":"<p>O cantor cearense Jonas Esticado far\u00e1 parte da programa\u00e7\u00e3o do S\u00e3o Jo\u00e3o da Uni\u00e3o 2018 na cidade de Salo\u00e1\/PE nesta quinta-feira (28). Al\u00e9m de Jonas, subir\u00e1 ao palco da pra\u00e7a S\u00e3o Vicente a Banda Soxote-\u00e1. A Prefeitura Municipal, que organiza o evento, informou que os shows ter\u00e3o in\u00edcio a partir das 22 horas. Jonas Esticado [&hellip;]<\/p>\n","protected":false},"author":1,"featured_media":0,"comment_status":"open","ping_status":"open","sticky":false,"template":"","format":"standard","meta":{"footnotes":""},"categories":[2],"tags":[],"class_list":["post-4113","post","type-post","status-publish","format-standard","hentry","category-noticias-do-dia"],"_links":{"self":[{"href":"https:\/\/www.saloanoticias.com\/v1\/wp-json\/wp\/v2\/posts\/4113","targetHints":{"allow":["GET"]}}],"collection":[{"href":"https:\/\/www.saloanoticias.com\/v1\/wp-json\/wp\/v2\/posts"}],"about":[{"href":"https:\/\/www.saloanoticias.com\/v1\/wp-json\/wp\/v2\/types\/post"}],"author":[{"embeddable":true,"href":"https:\/\/www.saloanoticias.com\/v1\/wp-json\/wp\/v2\/users\/1"}],"replies":[{"embeddable":true,"href":"https:\/\/www.saloanoticias.com\/v1\/wp-json\/wp\/v2\/comments?post=4113"}],"version-history":[{"count":0,"href":"https:\/\/www.saloanoticias.com\/v1\/wp-json\/wp\/v2\/posts\/4113\/revisions"}],"wp:attachment":[{"href":"https:\/\/www.saloanoticias.com\/v1\/wp-json\/wp\/v2\/media?parent=4113"}],"wp:term":[{"taxonomy":"category","embeddable":true,"href":"https:\/\/www.saloanoticias.com\/v1\/wp-json\/wp\/v2\/categories?post=4113"},{"taxonomy":"post_tag","embeddable":true,"href":"https:\/\/www.saloanoticias.com\/v1\/wp-json\/wp\/v2\/tags?post=4113"}],"curies":[{"name":"wp","href":"https:\/\/api.w.org\/{rel}","templated":true}]}}