{"id":4112,"date":"2018-06-27T13:00:00","date_gmt":"2018-06-27T13:00:00","guid":{"rendered":"https:\/\/saloanoticias.mrmediaweb.com\/v1\/2018\/06\/27\/saloa-agora-conta-com-um-centro-municipal-de-fisioterapia\/"},"modified":"2018-07-17T12:47:41","modified_gmt":"2018-07-17T12:47:41","slug":"saloa-agora-conta-com-um-centro-municipal-de-fisioterapia","status":"publish","type":"post","link":"https:\/\/www.saloanoticias.com\/v1\/saloa-agora-conta-com-um-centro-municipal-de-fisioterapia\/","title":{"rendered":"SALO\u00c1-PE AGORA CONTA COM UM CENTRO MUNICIPAL DE FISIOTERAPIA"},"content":{"rendered":"<p align=\"justify\"><span style=\"font-family: Arial; font-size: medium;\"><img loading=\"lazy\" decoding=\"async\" class=\"img-responsive aligncenter\" style=\"background-image: none; float: none; padding-top: 0px; padding-left: 0px; margin: 0px auto 10px; display: block; padding-right: 0px; border: 0px;\" src=\"http:\/\/www.saloanoticias.com\/v1\/wp-content\/uploads\/imagens\/img_20180619_084005424_burst000_cover_top_thumb.jpg\" alt=\"IMG_20180619_084005424_BURST000_COVER_TOP\" width=\"1436\" height=\"808\" border=\"0\" \/>O Centro Municipal de Fisioterapia de Salo\u00e1\/PE foi inaugurado a pouco mais de dois meses e j\u00e1 realizou cerca de 1.200 atendimentos. O espa\u00e7o \u00e9 climatizado e conta com toda aparelhagem necess\u00e1ria para o atendimento de qualidade dos usu\u00e1rios. Os atendimentos fisioterap\u00eauticos s\u00e3o realizados de segunda a quinta, para as \u00e1reas de ortopedia, neurologia, pediatria e geriatria. O espa\u00e7o funciona na Rua Rold\u00e3o Ten\u00f3rio Cavalcante (antiga Rua de Bom Conselho), e conta com duas fisioterapeutas (Dra. Bianca Galindo e Dra. Janyelle Vieira), uma recepcionista (Sandra de Barros) e um vigilante (Roberto Miquilino).<\/span><\/p>\n<p align=\"justify\"><a href=\"http:\/\/www.saloanoticias.com\/images\/img_20180619_083847550.jpg\"><img loading=\"lazy\" decoding=\"async\" style=\"background-image: none; float: none; padding-top: 0px; padding-left: 0px; margin-left: auto; display: block; padding-right: 0px; margin-right: auto; border: 0px;\" title=\"IMG_20180619_083847550\" src=\"http:\/\/www.saloanoticias.com\/v1\/wp-content\/uploads\/imagens\/img_20180619_083847550_thumb.jpg\" alt=\"IMG_20180619_083847550\" width=\"1438\" height=\"809\" border=\"0\" \/><\/a><\/p>\n<p align=\"justify\"><span style=\"font-family: Arial; font-size: medium;\">A fisioterapeuta respons\u00e1vel avalia que o Centro \u00e9 de suma import\u00e2ncia e d\u00e1 a oportunidade para que todos sejam acolhidos de forma humanizada. <\/span><span style=\"font-family: Arial; font-size: medium;\">&#8220;\u00c9 muito gratificante trabalhar aqui! Quando o trabalho \u00e9 bem feito e realizado com amor, o paciente conclui o tratamento e volta para nos agradecer. \u00c9 isso que vale a pena\u201d, finalizou Dra. Janyelle.<\/span><\/p>\n<p align=\"justify\"><a href=\"http:\/\/www.saloanoticias.com\/images\/img_20180619_085134816_hdr.jpg\"><img loading=\"lazy\" decoding=\"async\" style=\"background-image: none; float: none; padding-top: 0px; padding-left: 0px; margin-left: auto; display: block; padding-right: 0px; margin-right: auto; border: 0px;\" title=\"IMG_20180619_085134816_HDR\" src=\"http:\/\/www.saloanoticias.com\/v1\/wp-content\/uploads\/imagens\/img_20180619_085134816_hdr_thumb.jpg\" alt=\"IMG_20180619_085134816_HDR\" width=\"1439\" height=\"810\" border=\"0\" \/><\/a><\/p>\n<div style=\"margin-top: 0px; margin-bottom: 0px;\" class=\"sharethis-inline-share-buttons\" ><\/div>","protected":false},"excerpt":{"rendered":"<p>O Centro Municipal de Fisioterapia de Salo\u00e1\/PE foi inaugurado a pouco mais de dois meses e j\u00e1 realizou cerca de 1.200 atendimentos. O espa\u00e7o \u00e9 climatizado e conta com toda aparelhagem necess\u00e1ria para o atendimento de qualidade dos usu\u00e1rios. Os atendimentos fisioterap\u00eauticos s\u00e3o realizados de segunda a quinta, para as \u00e1reas de ortopedia, neurologia, pediatria [&hellip;]<\/p>\n","protected":false},"author":1,"featured_media":0,"comment_status":"open","ping_status":"open","sticky":false,"template":"","format":"standard","meta":{"footnotes":""},"categories":[2],"tags":[],"class_list":["post-4112","post","type-post","status-publish","format-standard","hentry","category-noticias-do-dia"],"_links":{"self":[{"href":"https:\/\/www.saloanoticias.com\/v1\/wp-json\/wp\/v2\/posts\/4112","targetHints":{"allow":["GET"]}}],"collection":[{"href":"https:\/\/www.saloanoticias.com\/v1\/wp-json\/wp\/v2\/posts"}],"about":[{"href":"https:\/\/www.saloanoticias.com\/v1\/wp-json\/wp\/v2\/types\/post"}],"author":[{"embeddable":true,"href":"https:\/\/www.saloanoticias.com\/v1\/wp-json\/wp\/v2\/users\/1"}],"replies":[{"embeddable":true,"href":"https:\/\/www.saloanoticias.com\/v1\/wp-json\/wp\/v2\/comments?post=4112"}],"version-history":[{"count":2,"href":"https:\/\/www.saloanoticias.com\/v1\/wp-json\/wp\/v2\/posts\/4112\/revisions"}],"predecessor-version":[{"id":4196,"href":"https:\/\/www.saloanoticias.com\/v1\/wp-json\/wp\/v2\/posts\/4112\/revisions\/4196"}],"wp:attachment":[{"href":"https:\/\/www.saloanoticias.com\/v1\/wp-json\/wp\/v2\/media?parent=4112"}],"wp:term":[{"taxonomy":"category","embeddable":true,"href":"https:\/\/www.saloanoticias.com\/v1\/wp-json\/wp\/v2\/categories?post=4112"},{"taxonomy":"post_tag","embeddable":true,"href":"https:\/\/www.saloanoticias.com\/v1\/wp-json\/wp\/v2\/tags?post=4112"}],"curies":[{"name":"wp","href":"https:\/\/api.w.org\/{rel}","templated":true}]}}