{"id":4111,"date":"2018-06-27T01:02:00","date_gmt":"2018-06-27T01:02:00","guid":{"rendered":"https:\/\/saloanoticias.mrmediaweb.com\/v1\/2018\/06\/27\/irmaos-sertanejos-e-alisson-levado-fizeram-a-festa-em-saloa-no-ultimo-dia-23-de-junho\/"},"modified":"2018-06-27T01:02:00","modified_gmt":"2018-06-27T01:02:00","slug":"irmaos-sertanejos-e-alisson-levado-fizeram-a-festa-em-saloa-no-ultimo-dia-23-de-junho","status":"publish","type":"post","link":"https:\/\/www.saloanoticias.com\/v1\/irmaos-sertanejos-e-alisson-levado-fizeram-a-festa-em-saloa-no-ultimo-dia-23-de-junho\/","title":{"rendered":"\u201cIRM\u00c3OS SERTANEJOS E ALISSON LEVADO\u201d FIZERAM A FESTA EM SALO\u00c1 NO \u00daLTIMO DIA 23 DE JUNHO"},"content":{"rendered":"<p align=\"justify\"><font size=\"3\" face=\"Arial\"><a href=\"http:\/\/www.saloanoticias.com\/images\/img_20180623_232250760.jpg\"><img loading=\"lazy\" decoding=\"async\" title=\"IMG_20180623_232250760\" style=\"border-top: 0px; border-right: 0px; background-image: none; border-bottom: 0px; float: none; padding-top: 0px; padding-left: 0px; margin: 0px auto 10px; border-left: 0px; display: block; padding-right: 0px\" border=\"0\" alt=\"IMG_20180623_232250760\" src=\"http:\/\/www.saloanoticias.com\/v1\/wp-content\/uploads\/imagens\/img_20180623_232250760_thumb.jpg\" width=\"1432\" height=\"806\"><\/a>O S\u00e3o Jo\u00e3o da Uni\u00e3o que em 20118 chegou a sua 6\u00aa edi\u00e7\u00e3o, trouxe no \u00faltimo s\u00e1bado (23\/06), os cantores Irm\u00e3os Sertanejos, artistas locais e o cantor Alisson Levado, e trouxeram um repert\u00f3rio marcado por muito forr\u00f3 e m\u00fasicas da atualidade, fazendo a multid\u00e3o dan\u00e7ar. A festa reuniu milhares de pessoas que vieram prestigiar o evento junino na Pra\u00e7a S\u00e3o Vicente, no centro da cidade. <\/font><font size=\"3\" face=\"Arial\">A Pol\u00edcia Militar e a Guarda Municipal estiveram presentes durante toda a festa trazendo assim mais seguran\u00e7a a todos que ali se divertiam comemorando o S\u00e3o Jo\u00e3o.<a href=\"http:\/\/www.saloanoticias.com\/images\/img_20180624_014659107.jpg\"><img loading=\"lazy\" decoding=\"async\" title=\"IMG_20180624_014659107\" style=\"border-top: 0px; border-right: 0px; background-image: none; border-bottom: 0px; float: none; padding-top: 0px; padding-left: 0px; margin: 10px auto; border-left: 0px; display: block; padding-right: 0px\" border=\"0\" alt=\"IMG_20180624_014659107\" src=\"http:\/\/www.saloanoticias.com\/v1\/wp-content\/uploads\/imagens\/img_20180624_014659107_thumb.jpg\" width=\"1433\" height=\"806\"><\/a><\/font><\/p>\n<p align=\"justify\"><font face=\"Arial\"><font size=\"3\">Vale lembrar que na pr\u00f3xima quinta-feira, dia 28\/06, tem o encerramento do S\u00e3o Jo\u00e3o da Uni\u00e3o com as seguintes atra\u00e7\u00f5es: Forr\u00f3 Soxote\u2019a e o fen\u00f4meno da atualidade, Jonas Esticado, que prometeu um grande show em Salo\u00e1. Como sempre acontece a Prefeitura Municipal prepara uma grande estrutura de seguran\u00e7a para que todas as fam\u00edlias possam aproveitar os shows com muita tranquilidade. <strong>Fonte: <\/strong><\/font><font size=\"2\"><strong>Ascom Salo\u00e1<\/strong><\/font><\/font><\/p>\n<p><a href=\"http:\/\/www.saloanoticias.com\/images\/img_20180624_001407866.jpg\"><img loading=\"lazy\" decoding=\"async\" title=\"IMG_20180624_001407866\" style=\"border-top: 0px; border-right: 0px; background-image: none; border-bottom: 0px; float: none; padding-top: 0px; padding-left: 0px; margin: 10px auto 0px; border-left: 0px; display: block; padding-right: 0px\" border=\"0\" alt=\"IMG_20180624_001407866\" src=\"http:\/\/www.saloanoticias.com\/v1\/wp-content\/uploads\/imagens\/img_20180624_001407866_thumb.jpg\" width=\"1430\" height=\"805\"><\/a><\/p>\n<div style=\"margin-top: 0px; margin-bottom: 0px;\" class=\"sharethis-inline-share-buttons\" ><\/div>","protected":false},"excerpt":{"rendered":"<p>O S\u00e3o Jo\u00e3o da Uni\u00e3o que em 20118 chegou a sua 6\u00aa edi\u00e7\u00e3o, trouxe no \u00faltimo s\u00e1bado (23\/06), os cantores Irm\u00e3os Sertanejos, artistas locais e o cantor Alisson Levado, e trouxeram um repert\u00f3rio marcado por muito forr\u00f3 e m\u00fasicas da atualidade, fazendo a multid\u00e3o dan\u00e7ar. A festa reuniu milhares de pessoas que vieram prestigiar o [&hellip;]<\/p>\n","protected":false},"author":1,"featured_media":0,"comment_status":"open","ping_status":"open","sticky":false,"template":"","format":"standard","meta":{"footnotes":""},"categories":[2],"tags":[],"class_list":["post-4111","post","type-post","status-publish","format-standard","hentry","category-noticias-do-dia"],"_links":{"self":[{"href":"https:\/\/www.saloanoticias.com\/v1\/wp-json\/wp\/v2\/posts\/4111","targetHints":{"allow":["GET"]}}],"collection":[{"href":"https:\/\/www.saloanoticias.com\/v1\/wp-json\/wp\/v2\/posts"}],"about":[{"href":"https:\/\/www.saloanoticias.com\/v1\/wp-json\/wp\/v2\/types\/post"}],"author":[{"embeddable":true,"href":"https:\/\/www.saloanoticias.com\/v1\/wp-json\/wp\/v2\/users\/1"}],"replies":[{"embeddable":true,"href":"https:\/\/www.saloanoticias.com\/v1\/wp-json\/wp\/v2\/comments?post=4111"}],"version-history":[{"count":0,"href":"https:\/\/www.saloanoticias.com\/v1\/wp-json\/wp\/v2\/posts\/4111\/revisions"}],"wp:attachment":[{"href":"https:\/\/www.saloanoticias.com\/v1\/wp-json\/wp\/v2\/media?parent=4111"}],"wp:term":[{"taxonomy":"category","embeddable":true,"href":"https:\/\/www.saloanoticias.com\/v1\/wp-json\/wp\/v2\/categories?post=4111"},{"taxonomy":"post_tag","embeddable":true,"href":"https:\/\/www.saloanoticias.com\/v1\/wp-json\/wp\/v2\/tags?post=4111"}],"curies":[{"name":"wp","href":"https:\/\/api.w.org\/{rel}","templated":true}]}}