{"id":4110,"date":"2018-06-26T12:49:00","date_gmt":"2018-06-26T12:49:00","guid":{"rendered":"https:\/\/saloanoticias.mrmediaweb.com\/v1\/2018\/06\/26\/sao-joao-de-saloa-passa-pela-vila-de-iateca\/"},"modified":"2018-06-26T12:49:00","modified_gmt":"2018-06-26T12:49:00","slug":"sao-joao-de-saloa-passa-pela-vila-de-iateca","status":"publish","type":"post","link":"https:\/\/www.saloanoticias.com\/v1\/sao-joao-de-saloa-passa-pela-vila-de-iateca\/","title":{"rendered":"S\u00c3O JO\u00c3O DE SALO\u00c1 PASSOU PELA VILA DE IATEC\u00c1 COM GRANDES SHOWS ART\u00cdSTICOS"},"content":{"rendered":"<p align=\"justify\"><font size=\"3\" face=\"Arial\"><a href=\"http:\/\/www.saloanoticias.com\/images\/img_20180625_000223624.jpg\"><img loading=\"lazy\" decoding=\"async\" title=\"IMG_20180625_000223624\" style=\"border-top: 0px; border-right: 0px; background-image: none; border-bottom: 0px; float: none; padding-top: 0px; padding-left: 0px; margin: 0px auto 10px; border-left: 0px; display: block; padding-right: 0px\" border=\"0\" alt=\"IMG_20180625_000223624\" src=\"http:\/\/www.saloanoticias.com\/v1\/wp-content\/uploads\/imagens\/img_20180625_000223624_thumb.jpg\" width=\"1437\" height=\"809\"><\/a>O S\u00e3o Jo\u00e3o da Uni\u00e3o que neste ano de 2018 veio com tudo, j\u00e1 passou pela sede do Munic\u00edpio, Serrinha da Prata e passou no Povoado de Iatec\u00e1 (Prata) no \u00faltimo domingo dia 24\/06, trazendo grandes atra\u00e7\u00f5es e apresenta\u00e7\u00f5es culturais. <\/font><font size=\"3\" face=\"Arial\">As festividades no povoado come\u00e7aram com apresenta\u00e7\u00f5es de quadrilhas do povoado e convidadas, logo ap\u00f3s aconteceram os shows com Chur\u00fa e Forr\u00f3 Swing Moral e encerrando a noite de festividades daquela localidade um grande show com Leninho Filho e Forr\u00f3 da Vaqueirama.<\/font><\/p>\n<p align=\"justify\"><a href=\"http:\/\/www.saloanoticias.com\/images\/img_20180624_233711200.jpg\"><img loading=\"lazy\" decoding=\"async\" title=\"IMG_20180624_233711200\" style=\"border-top: 0px; border-right: 0px; background-image: none; border-bottom: 0px; float: none; padding-top: 0px; padding-left: 0px; margin-left: auto; border-left: 0px; display: block; padding-right: 0px; margin-right: auto\" border=\"0\" alt=\"IMG_20180624_233711200\" src=\"http:\/\/www.saloanoticias.com\/v1\/wp-content\/uploads\/imagens\/img_20180624_233711200_thumb.jpg\" width=\"1440\" height=\"810\"><\/a><\/p>\n<p align=\"justify\"><font size=\"3\" face=\"Arial\">O encerramento do S\u00e3o Jo\u00e3o da Uni\u00e3o em 2018 acontece nesta quinta feira dia 28\/06, com Forr\u00f3 Soxote-\u00e1 e um dos cantores mais conhecidos do Brasil, o fen\u00f4meno Jonas Esticado, ele que atrai milhares de pessoas por onde passa com seus grandes sucessos. Se organize e venha participar do S\u00e3o Jo\u00e3o de Salo\u00e1 que j\u00e1 est\u00e1 entre as festas mais importantes do interior do Estado. <\/font><font size=\"2\" face=\"Arial\"><strong>Ascom Salo\u00e1 (texto e fotos: Fellipe Gomes)<\/strong><\/font> <\/p>\n<p align=\"justify\"><a href=\"http:\/\/www.saloanoticias.com\/images\/img_20180624_220418211.jpg\"><img loading=\"lazy\" decoding=\"async\" title=\"IMG_20180624_220418211\" style=\"border-top: 0px; border-right: 0px; background-image: none; border-bottom: 0px; float: none; padding-top: 0px; padding-left: 0px; margin-left: auto; border-left: 0px; display: block; padding-right: 0px; margin-right: auto\" border=\"0\" alt=\"IMG_20180624_220418211\" src=\"http:\/\/www.saloanoticias.com\/v1\/wp-content\/uploads\/imagens\/img_20180624_220418211_thumb.jpg\" width=\"1438\" height=\"809\"><\/a><\/p>\n<div style=\"margin-top: 0px; margin-bottom: 0px;\" class=\"sharethis-inline-share-buttons\" ><\/div>","protected":false},"excerpt":{"rendered":"<p>O S\u00e3o Jo\u00e3o da Uni\u00e3o que neste ano de 2018 veio com tudo, j\u00e1 passou pela sede do Munic\u00edpio, Serrinha da Prata e passou no Povoado de Iatec\u00e1 (Prata) no \u00faltimo domingo dia 24\/06, trazendo grandes atra\u00e7\u00f5es e apresenta\u00e7\u00f5es culturais. As festividades no povoado come\u00e7aram com apresenta\u00e7\u00f5es de quadrilhas do povoado e convidadas, logo ap\u00f3s [&hellip;]<\/p>\n","protected":false},"author":1,"featured_media":0,"comment_status":"open","ping_status":"open","sticky":false,"template":"","format":"standard","meta":{"footnotes":""},"categories":[2],"tags":[],"class_list":["post-4110","post","type-post","status-publish","format-standard","hentry","category-noticias-do-dia"],"_links":{"self":[{"href":"https:\/\/www.saloanoticias.com\/v1\/wp-json\/wp\/v2\/posts\/4110","targetHints":{"allow":["GET"]}}],"collection":[{"href":"https:\/\/www.saloanoticias.com\/v1\/wp-json\/wp\/v2\/posts"}],"about":[{"href":"https:\/\/www.saloanoticias.com\/v1\/wp-json\/wp\/v2\/types\/post"}],"author":[{"embeddable":true,"href":"https:\/\/www.saloanoticias.com\/v1\/wp-json\/wp\/v2\/users\/1"}],"replies":[{"embeddable":true,"href":"https:\/\/www.saloanoticias.com\/v1\/wp-json\/wp\/v2\/comments?post=4110"}],"version-history":[{"count":0,"href":"https:\/\/www.saloanoticias.com\/v1\/wp-json\/wp\/v2\/posts\/4110\/revisions"}],"wp:attachment":[{"href":"https:\/\/www.saloanoticias.com\/v1\/wp-json\/wp\/v2\/media?parent=4110"}],"wp:term":[{"taxonomy":"category","embeddable":true,"href":"https:\/\/www.saloanoticias.com\/v1\/wp-json\/wp\/v2\/categories?post=4110"},{"taxonomy":"post_tag","embeddable":true,"href":"https:\/\/www.saloanoticias.com\/v1\/wp-json\/wp\/v2\/tags?post=4110"}],"curies":[{"name":"wp","href":"https:\/\/api.w.org\/{rel}","templated":true}]}}