{"id":4109,"date":"2018-06-25T12:12:00","date_gmt":"2018-06-25T12:12:00","guid":{"rendered":"https:\/\/saloanoticias.mrmediaweb.com\/v1\/2018\/06\/25\/maioria-dos-jovens-entre-16-a-18-nao-tirou-titulo-de-eleitor\/"},"modified":"2018-06-25T12:12:00","modified_gmt":"2018-06-25T12:12:00","slug":"maioria-dos-jovens-entre-16-a-18-nao-tirou-titulo-de-eleitor","status":"publish","type":"post","link":"https:\/\/www.saloanoticias.com\/v1\/maioria-dos-jovens-entre-16-a-18-nao-tirou-titulo-de-eleitor\/","title":{"rendered":"MAIORIA DOS JOVENS ENTRE 16 A 18 N\u00c3O TIROU T\u00cdTULO DE ELEITOR"},"content":{"rendered":"<p align=\"justify\"><font size=\"3\" face=\"Arial\"><a href=\"http:\/\/www.saloanoticias.com\/images\/82884-4722edd7_f966_4313_86e3_d6a819a37b5b_jpeg.jpg\"><img loading=\"lazy\" decoding=\"async\" title=\"82884-4722edd7_f966_4313_86e3_d6a819a37b5b_jpeg\" style=\"border-top: 0px; border-right: 0px; background-image: none; border-bottom: 0px; float: left; padding-top: 0px; padding-left: 0px; margin: 5px 5px 0px 0px; border-left: 0px; display: inline; padding-right: 0px\" border=\"0\" alt=\"82884-4722edd7_f966_4313_86e3_d6a819a37b5b_jpeg\" src=\"http:\/\/www.saloanoticias.com\/v1\/wp-content\/uploads\/imagens\/82884-4722edd7_f966_4313_86e3_d6a819a37b5b_jpeg_thumb.jpg\" width=\"312\" align=\"left\" height=\"217\"><\/a>Quase metade dos brasileiros que poderiam votar pela primeira vez em outubro n\u00e3o se interessou sequer em tirar o t\u00edtulo de eleitor. Atualmente, o pa\u00eds tem 3,8 milh\u00f5es menores de 18 anos aptos a votar de acordo com as exig\u00eancias do nosso sistema eleitoral. Mas, segundo o Tribunal Superior Eleitoral (TSE), apenas 2 milh\u00f5es fazem parte das estat\u00edsticas do eleitorado. Segundo especialistas, os jovens fazem parte de um grupo de \u201cpessoas sem convic\u00e7\u00f5es pol\u00edticas\u201d.<\/font> <\/p>\n<p align=\"justify\"><font size=\"3\" face=\"Arial\">H\u00e1 10 anos, o grupo de 16 e 17 anos representava 2,1% do eleitorado. Hoje, corresponde a 1,3% do total. Em 2008, havia 130,4 milh\u00f5es de pessoas aptas a votar no pa\u00eds. Em 2018, ser\u00e3o ao menos 147,2 milh\u00f5es. O professor de ci\u00eancia pol\u00edtica da Universidade de Bras\u00edlia (UnB) Ricardo Caldas acredita que \u201cos jovens s\u00f3 conversam sobre seus assuntos afins\u201d. \u201cD\u00e3o mais aten\u00e7\u00e3o aos hobbies do que aos interesses coletivos e n\u00e3o t\u00eam convic\u00e7\u00f5es pol\u00edticas.\u201d<\/font> <\/p>\n<p align=\"justify\"><font size=\"3\" face=\"Arial\">Corrup\u00e7\u00e3o, crimes de colarinho branco e instabilidade financeira contribuem para a falta de empenho dos eleitores mais jovens, segundo Caldas. Ele diz que, paradoxalmente, foi justamente a aproxima\u00e7\u00e3o das pessoas com a pol\u00edtica que despolitizou o Brasil. \u201cVimos o envolvimento das pessoas que elegemos em esc\u00e2ndalos que nunca pensamos ter no pa\u00eds. Antigamente, falar de pol\u00edtica era uma atividade nobre. Faz\u00edamos isso em casa, tomando caf\u00e9 com as visitas. Isso acabou\u201d, completou o professor. <strong><font size=\"2\">Fonte: Di\u00e1rio de Pernambuco<\/font><\/strong><\/font><\/p>\n<div style=\"margin-top: 0px; margin-bottom: 0px;\" class=\"sharethis-inline-share-buttons\" ><\/div>","protected":false},"excerpt":{"rendered":"<p>Quase metade dos brasileiros que poderiam votar pela primeira vez em outubro n\u00e3o se interessou sequer em tirar o t\u00edtulo de eleitor. Atualmente, o pa\u00eds tem 3,8 milh\u00f5es menores de 18 anos aptos a votar de acordo com as exig\u00eancias do nosso sistema eleitoral. Mas, segundo o Tribunal Superior Eleitoral (TSE), apenas 2 milh\u00f5es fazem [&hellip;]<\/p>\n","protected":false},"author":1,"featured_media":0,"comment_status":"open","ping_status":"open","sticky":false,"template":"","format":"standard","meta":{"footnotes":""},"categories":[2],"tags":[],"class_list":["post-4109","post","type-post","status-publish","format-standard","hentry","category-noticias-do-dia"],"_links":{"self":[{"href":"https:\/\/www.saloanoticias.com\/v1\/wp-json\/wp\/v2\/posts\/4109","targetHints":{"allow":["GET"]}}],"collection":[{"href":"https:\/\/www.saloanoticias.com\/v1\/wp-json\/wp\/v2\/posts"}],"about":[{"href":"https:\/\/www.saloanoticias.com\/v1\/wp-json\/wp\/v2\/types\/post"}],"author":[{"embeddable":true,"href":"https:\/\/www.saloanoticias.com\/v1\/wp-json\/wp\/v2\/users\/1"}],"replies":[{"embeddable":true,"href":"https:\/\/www.saloanoticias.com\/v1\/wp-json\/wp\/v2\/comments?post=4109"}],"version-history":[{"count":0,"href":"https:\/\/www.saloanoticias.com\/v1\/wp-json\/wp\/v2\/posts\/4109\/revisions"}],"wp:attachment":[{"href":"https:\/\/www.saloanoticias.com\/v1\/wp-json\/wp\/v2\/media?parent=4109"}],"wp:term":[{"taxonomy":"category","embeddable":true,"href":"https:\/\/www.saloanoticias.com\/v1\/wp-json\/wp\/v2\/categories?post=4109"},{"taxonomy":"post_tag","embeddable":true,"href":"https:\/\/www.saloanoticias.com\/v1\/wp-json\/wp\/v2\/tags?post=4109"}],"curies":[{"name":"wp","href":"https:\/\/api.w.org\/{rel}","templated":true}]}}