{"id":4108,"date":"2018-06-24T15:36:00","date_gmt":"2018-06-24T15:36:00","guid":{"rendered":"https:\/\/saloanoticias.mrmediaweb.com\/v1\/2018\/06\/24\/alagoas-abre-500-vagas-para-policia-militar\/"},"modified":"2018-06-24T15:36:00","modified_gmt":"2018-06-24T15:36:00","slug":"alagoas-abre-500-vagas-para-policia-militar","status":"publish","type":"post","link":"https:\/\/www.saloanoticias.com\/v1\/alagoas-abre-500-vagas-para-policia-militar\/","title":{"rendered":"ALAGOAS ABRE 500 VAGAS PARA A POL\u00cdCIA MILITAR. EDITAL J\u00c1 FOI PUBLICADO"},"content":{"rendered":"<p align=\"justify\"><font size=\"3\" face=\"Arial\"><a href=\"http:\/\/www.saloanoticias.com\/images\/35521315_176614766349099_5725243791284109312_n_587e23a737dabdfa788d6bddcfe1ab9a.jpg\"><img loading=\"lazy\" decoding=\"async\" title=\"35521315_176614766349099_5725243791284109312_n\" style=\"border-top: 0px; border-right: 0px; background-image: none; border-bottom: 0px; float: left; padding-top: 0px; padding-left: 0px; margin: 5px 5px 10px 0px; border-left: 0px; display: inline; padding-right: 0px\" border=\"0\" alt=\"35521315_176614766349099_5725243791284109312_n\" src=\"http:\/\/www.saloanoticias.com\/v1\/wp-content\/uploads\/imagens\/35521315_176614766349099_5725243791284109312_n_thumb_39bae9fd22f4468c52b822a3f246f066.jpg\" width=\"291\" align=\"left\" height=\"193\"><\/a>Foi publicado nessa sexta-feira, dia 22, o edital de Concurso P\u00fablico da Pol\u00edcia Militar do Estado de Alagoas. S\u00e3o 500 vagas para o cargo de Soldado. O Centro Brasileiro de Pesquisa em Avalia\u00e7\u00e3o e Sele\u00e7\u00e3o e de Promo\u00e7\u00e3o de Eventos (Cebraspe \u2013 CESPE) ser\u00e1 a organizadora do Certame. <\/font><font size=\"3\" face=\"Arial\">As inscri\u00e7\u00f5es do concurso ser\u00e3o realizadas entre 10 horas de amanh\u00e3, dia 25, at\u00e9 as 18 horas do dia 24 de julho de 2018, no<font color=\"#ff0000\">&nbsp;<\/font><\/font><a href=\"http:\/\/www.cespe.unb.br\/concursos\/pm_al_18_soldado\"><b><font color=\"#ff0000\" size=\"3\" face=\"Arial\">site oficial da organizadora<\/font><\/b><\/a><font size=\"3\" face=\"Arial\">. A taxa de inscri\u00e7\u00e3o custar\u00e1 R$ 95.<\/font> <\/p>\n<p align=\"justify\"><font size=\"3\" face=\"Arial\">O cargo de Soldado requer, na data prevista para a matr\u00edcula no Curso de Forma\u00e7\u00e3o, ter conclu\u00eddo a \u00faltima s\u00e9rie do ensino m\u00e9dio ou equivalente, com certificado de conclus\u00e3o ou equivalente, devidamente registrado e reconhecido pela Secretaria de Educa\u00e7\u00e3o ou outro \u00f3rg\u00e3o competente. A remunera\u00e7\u00e3o do Soldado Combatente de Alagoas, na condi\u00e7\u00e3o alcan\u00e7ada ap\u00f3s a conclus\u00e3o do Curso de Forma\u00e7\u00e3o de Pra\u00e7as, ser\u00e1 de R$ 3.744,47. Durante o curso de forma\u00e7\u00e3o, os ganhos chegam a R$ 1.453,14.<\/font>&nbsp;<b><font size=\"3\" face=\"Arial\">Para conferir o Edital, <font color=\"#ff0000\">clique <\/font><\/font><a href=\"https:\/\/jcconcursos.uol.com.br\/noticia\/anexos\/concurso-pmal-70556#\"><font color=\"#ff0000\" size=\"3\" face=\"Arial\">AQUI<\/font><\/a><font size=\"3\" face=\"Arial\"><font color=\"#ff0000\">.<\/font> <font size=\"2\">Fonte: Blog do Carlos Eug\u00eanio<\/font><\/font><\/b><\/p>\n<div style=\"margin-top: 0px; margin-bottom: 0px;\" class=\"sharethis-inline-share-buttons\" ><\/div>","protected":false},"excerpt":{"rendered":"<p>Foi publicado nessa sexta-feira, dia 22, o edital de Concurso P\u00fablico da Pol\u00edcia Militar do Estado de Alagoas. S\u00e3o 500 vagas para o cargo de Soldado. O Centro Brasileiro de Pesquisa em Avalia\u00e7\u00e3o e Sele\u00e7\u00e3o e de Promo\u00e7\u00e3o de Eventos (Cebraspe \u2013 CESPE) ser\u00e1 a organizadora do Certame. As inscri\u00e7\u00f5es do concurso ser\u00e3o realizadas entre [&hellip;]<\/p>\n","protected":false},"author":1,"featured_media":0,"comment_status":"open","ping_status":"open","sticky":false,"template":"","format":"standard","meta":{"footnotes":""},"categories":[2],"tags":[],"class_list":["post-4108","post","type-post","status-publish","format-standard","hentry","category-noticias-do-dia"],"_links":{"self":[{"href":"https:\/\/www.saloanoticias.com\/v1\/wp-json\/wp\/v2\/posts\/4108","targetHints":{"allow":["GET"]}}],"collection":[{"href":"https:\/\/www.saloanoticias.com\/v1\/wp-json\/wp\/v2\/posts"}],"about":[{"href":"https:\/\/www.saloanoticias.com\/v1\/wp-json\/wp\/v2\/types\/post"}],"author":[{"embeddable":true,"href":"https:\/\/www.saloanoticias.com\/v1\/wp-json\/wp\/v2\/users\/1"}],"replies":[{"embeddable":true,"href":"https:\/\/www.saloanoticias.com\/v1\/wp-json\/wp\/v2\/comments?post=4108"}],"version-history":[{"count":0,"href":"https:\/\/www.saloanoticias.com\/v1\/wp-json\/wp\/v2\/posts\/4108\/revisions"}],"wp:attachment":[{"href":"https:\/\/www.saloanoticias.com\/v1\/wp-json\/wp\/v2\/media?parent=4108"}],"wp:term":[{"taxonomy":"category","embeddable":true,"href":"https:\/\/www.saloanoticias.com\/v1\/wp-json\/wp\/v2\/categories?post=4108"},{"taxonomy":"post_tag","embeddable":true,"href":"https:\/\/www.saloanoticias.com\/v1\/wp-json\/wp\/v2\/tags?post=4108"}],"curies":[{"name":"wp","href":"https:\/\/api.w.org\/{rel}","templated":true}]}}