{"id":4106,"date":"2018-06-22T23:01:00","date_gmt":"2018-06-22T23:01:00","guid":{"rendered":"https:\/\/saloanoticias.mrmediaweb.com\/v1\/2018\/06\/22\/vereadores-de-brejao-participam-de-semario-do-psb-em-gravata\/"},"modified":"2018-06-22T23:01:00","modified_gmt":"2018-06-22T23:01:00","slug":"vereadores-de-brejao-participam-de-semario-do-psb-em-gravata","status":"publish","type":"post","link":"https:\/\/www.saloanoticias.com\/v1\/vereadores-de-brejao-participam-de-semario-do-psb-em-gravata\/","title":{"rendered":"VEREADORES DE BREJ\u00c3O PARTICIPAM DE SEM\u00c1RIO DO PSB EM GRAVAT\u00c1"},"content":{"rendered":"<p align=\"justify\"><font size=\"3\" face=\"Arial\"><a href=\"http:\/\/www.saloanoticias.com\/images\/whatsapp-image-2018-06-22-at-13.53.54.jpg\"><img loading=\"lazy\" decoding=\"async\" title=\"WhatsApp Image 2018-06-22 at 13.53.54\" style=\"border-top: 0px; border-right: 0px; background-image: none; border-bottom: 0px; float: none; padding-top: 0px; padding-left: 0px; margin: 0px auto 10px; border-left: 0px; display: block; padding-right: 0px\" border=\"0\" alt=\"WhatsApp Image 2018-06-22 at 13.53.54\" src=\"http:\/\/www.saloanoticias.com\/v1\/wp-content\/uploads\/imagens\/whatsapp-image-2018-06-22-at-13.53.54_thumb.jpg\" width=\"1433\" height=\"956\"><\/a>Aconteceu no come\u00e7o desta semana, nos dias 18 e 19 de junho, o \u201cSemin\u00e1rio de Forma\u00e7\u00e3o Pol\u00edtica Vereador Presente\u201d, promovido pelo Partido Socialista Brasileiro &#8211; PSB, na cidade de Gravat\u00e1, no Agreste do Estado. Dentre os presentes estavam os vereadores de Brej\u00e3o, Saulo Maruim que \u00e9 o atual Presidente da C\u00e2mara, Cicero Dion\u00edsio, Chiquinho, Caco do&nbsp; Emb\u00e9, Renato Batinga e o Secret\u00e1rio de Administra\u00e7\u00e3o, Sandoval Cadengue de Santana, ex-prefeito.<\/font><\/p>\n<p align=\"justify\"><font size=\"3\" face=\"Arial\">V\u00e1ria autoridades pol\u00edticas estiveram no evento, entre elas o Governador Paulo C\u00e2mara (PSB), que foi um dos palestrantes do evento. Segundo o Presidente Saulo, os dois dias de palestras foram bastantes proveitosos para os vereadores da sua cidade, j\u00e1 que eles ficaram atualizados sobre muitos assuntos de interesse da classe pol\u00edtica e administrativa que foram abordados nas palestras do semin\u00e1rio. Saulo Maruim ainda parabenizou o PSB por estar sempre preocupado na forma\u00e7\u00e3o dos seus vereadores, proporcionando momentos como estes. O Semin\u00e1rio de Forma\u00e7\u00e3o Pol\u00edtica aconteceu nas depend\u00eancias do Hotel Can\u00e1rius de Gravat\u00e1 e reuniu parlamentares de todo o Estado.<\/font><\/p>\n<div style=\"margin-top: 0px; margin-bottom: 0px;\" class=\"sharethis-inline-share-buttons\" ><\/div>","protected":false},"excerpt":{"rendered":"<p>Aconteceu no come\u00e7o desta semana, nos dias 18 e 19 de junho, o \u201cSemin\u00e1rio de Forma\u00e7\u00e3o Pol\u00edtica Vereador Presente\u201d, promovido pelo Partido Socialista Brasileiro &#8211; PSB, na cidade de Gravat\u00e1, no Agreste do Estado. Dentre os presentes estavam os vereadores de Brej\u00e3o, Saulo Maruim que \u00e9 o atual Presidente da C\u00e2mara, Cicero Dion\u00edsio, Chiquinho, Caco [&hellip;]<\/p>\n","protected":false},"author":1,"featured_media":0,"comment_status":"open","ping_status":"open","sticky":false,"template":"","format":"standard","meta":{"footnotes":""},"categories":[2],"tags":[],"class_list":["post-4106","post","type-post","status-publish","format-standard","hentry","category-noticias-do-dia"],"_links":{"self":[{"href":"https:\/\/www.saloanoticias.com\/v1\/wp-json\/wp\/v2\/posts\/4106","targetHints":{"allow":["GET"]}}],"collection":[{"href":"https:\/\/www.saloanoticias.com\/v1\/wp-json\/wp\/v2\/posts"}],"about":[{"href":"https:\/\/www.saloanoticias.com\/v1\/wp-json\/wp\/v2\/types\/post"}],"author":[{"embeddable":true,"href":"https:\/\/www.saloanoticias.com\/v1\/wp-json\/wp\/v2\/users\/1"}],"replies":[{"embeddable":true,"href":"https:\/\/www.saloanoticias.com\/v1\/wp-json\/wp\/v2\/comments?post=4106"}],"version-history":[{"count":0,"href":"https:\/\/www.saloanoticias.com\/v1\/wp-json\/wp\/v2\/posts\/4106\/revisions"}],"wp:attachment":[{"href":"https:\/\/www.saloanoticias.com\/v1\/wp-json\/wp\/v2\/media?parent=4106"}],"wp:term":[{"taxonomy":"category","embeddable":true,"href":"https:\/\/www.saloanoticias.com\/v1\/wp-json\/wp\/v2\/categories?post=4106"},{"taxonomy":"post_tag","embeddable":true,"href":"https:\/\/www.saloanoticias.com\/v1\/wp-json\/wp\/v2\/tags?post=4106"}],"curies":[{"name":"wp","href":"https:\/\/api.w.org\/{rel}","templated":true}]}}