{"id":4105,"date":"2018-06-22T16:29:00","date_gmt":"2018-06-22T16:29:00","guid":{"rendered":"https:\/\/saloanoticias.mrmediaweb.com\/v1\/2018\/06\/22\/cerqueira-advocacia-absolve-acusado-de-homicidio-em-saloa\/"},"modified":"2018-07-17T14:31:28","modified_gmt":"2018-07-17T14:31:28","slug":"cerqueira-advocacia-absolve-acusado-de-homicidio-em-saloa","status":"publish","type":"post","link":"https:\/\/www.saloanoticias.com\/v1\/cerqueira-advocacia-absolve-acusado-de-homicidio-em-saloa\/","title":{"rendered":"CERQUEIRA ADVOCACIA ABSOLVE ACUSADO DE HOMIC\u00cdDIO EM SALO\u00c1"},"content":{"rendered":"<p align=\"justify\"><font size=\"3\" face=\"Arial\"><img decoding=\"async\" src=\"http:\/\/www.saloanoticias.com\/v1\/wp-content\/uploads\/imagens\/abelardo-cerqueira_thumb.jpg\">Foi submetido a julgamento popular pelo Tribunal do J\u00fari da Comarca de Salo\u00e1\/PE, no processo n.\u00ba 1668.2001.8.17.1230, que tem como autor a pessoa de Ivaldo Pereira da Silva, acusado de duplo homic\u00eddio, contra as pessoas de Jo\u00e3o Clarindo da Silva e Dion\u00edsio Clarindo da Silva, sendo absolvido pelo j\u00fari, sob a tese da leg\u00edtima defesa putativa,&nbsp; caso patrocinado na defesa pelo \u201cEscrit\u00f3rio Jur\u00eddico Cerqueira Advocacia\u201d que \u00e9 dirigido pelos advogados criminalistas Dr. Abelardo Cerqueira e seu filho Alexandre Cerqueira. <\/font><font size=\"3\" face=\"Arial\">Este foi mais um caso elucidado pelos competentes advogados do renomado escrit\u00f3rio. O Escrit\u00f3rio Cerqueira Advocacia tem sede na cidade de Bom Conselho e vem se destacando pelos brilhantes servi\u00e7os em toda a regi\u00e3o do Agreste Meridional.<\/font><\/p>\n<div style=\"margin-top: 0px; margin-bottom: 0px;\" class=\"sharethis-inline-share-buttons\" ><\/div>","protected":false},"excerpt":{"rendered":"<p>Foi submetido a julgamento popular pelo Tribunal do J\u00fari da Comarca de Salo\u00e1\/PE, no processo n.\u00ba 1668.2001.8.17.1230, que tem como autor a pessoa de Ivaldo Pereira da Silva, acusado de duplo homic\u00eddio, contra as pessoas de Jo\u00e3o Clarindo da Silva e Dion\u00edsio Clarindo da Silva, sendo absolvido pelo j\u00fari, sob a tese da leg\u00edtima defesa [&hellip;]<\/p>\n","protected":false},"author":1,"featured_media":0,"comment_status":"open","ping_status":"open","sticky":false,"template":"","format":"standard","meta":{"footnotes":""},"categories":[2],"tags":[],"class_list":["post-4105","post","type-post","status-publish","format-standard","hentry","category-noticias-do-dia"],"_links":{"self":[{"href":"https:\/\/www.saloanoticias.com\/v1\/wp-json\/wp\/v2\/posts\/4105","targetHints":{"allow":["GET"]}}],"collection":[{"href":"https:\/\/www.saloanoticias.com\/v1\/wp-json\/wp\/v2\/posts"}],"about":[{"href":"https:\/\/www.saloanoticias.com\/v1\/wp-json\/wp\/v2\/types\/post"}],"author":[{"embeddable":true,"href":"https:\/\/www.saloanoticias.com\/v1\/wp-json\/wp\/v2\/users\/1"}],"replies":[{"embeddable":true,"href":"https:\/\/www.saloanoticias.com\/v1\/wp-json\/wp\/v2\/comments?post=4105"}],"version-history":[{"count":3,"href":"https:\/\/www.saloanoticias.com\/v1\/wp-json\/wp\/v2\/posts\/4105\/revisions"}],"predecessor-version":[{"id":4208,"href":"https:\/\/www.saloanoticias.com\/v1\/wp-json\/wp\/v2\/posts\/4105\/revisions\/4208"}],"wp:attachment":[{"href":"https:\/\/www.saloanoticias.com\/v1\/wp-json\/wp\/v2\/media?parent=4105"}],"wp:term":[{"taxonomy":"category","embeddable":true,"href":"https:\/\/www.saloanoticias.com\/v1\/wp-json\/wp\/v2\/categories?post=4105"},{"taxonomy":"post_tag","embeddable":true,"href":"https:\/\/www.saloanoticias.com\/v1\/wp-json\/wp\/v2\/tags?post=4105"}],"curies":[{"name":"wp","href":"https:\/\/api.w.org\/{rel}","templated":true}]}}